{"id":101,"date":"2011-09-28T19:00:00","date_gmt":"2011-09-28T19:00:00","guid":{"rendered":"http:\/\/talasoatlantico.com\/blog\/?p=101"},"modified":"2011-09-28T19:00:00","modified_gmt":"2011-09-28T19:00:00","slug":"el-turismo-presente-en-i-foro-unirede-con-el-hotel-talaso-atlantico","status":"publish","type":"post","link":"https:\/\/www.talasoatlantico.com\/blog\/el-turismo-presente-en-i-foro-unirede-con-el-hotel-talaso-atlantico\/","title":{"rendered":"El turismo presente en I Foro Unirede con el hotel Talaso Atl\u00e1ntico"},"content":{"rendered":"<p><\/p>\n<div><a href=\"http:\/\/4.bp.blogspot.com\/-rFz3k8GHBF4\/ToMoruL07_I\/AAAAAAAAAk0\/FvOkyxVTVnU\/s1600\/cabecerabeige.JPG\" imageanchor=\"1\"><img decoding=\"async\" loading=\"lazy\" border=\"0\" height=\"66\" src=\"http:\/\/4.bp.blogspot.com\/-rFz3k8GHBF4\/ToMoruL07_I\/AAAAAAAAAk0\/FvOkyxVTVnU\/s320\/cabecerabeige.JPG\" width=\"320\"><\/a><\/div>\n<div><\/div>\n<div><\/div>\n<div><span>El <a href=\"http:\/\/www.talasoatlantico.com\/\">hotel Talaso Atl\u00e1ntico<\/a> estar\u00e1 presente en el I Foro Unirede de Galicia.<\/span><\/div>\n<div><span><br \/><\/span><\/div>\n<div><span>Santiago de Compostela acoger\u00e1 el <b>Foro Unirede<\/b>, el primer <a href=\"http:\/\/forounirede.com\/\"><b><span>Foro Galego da web 2.0<\/span><\/b><\/a><b> <\/b>el <b>15 de octubre<\/b>. La <a href=\"http:\/\/adouspuntocero.org\/\"><span>Asociaci\u00f3n Adouspuntocero<\/span><\/a><span>\u00a0 <\/span>ha organizado este evento, en colaboraci\u00f3n con la USC, en la Facultad de CC da Comunicaci\u00f3n.<\/span><\/div>\n<div><\/div>\n<div><span>Los objetivos principales de la celebraci\u00f3n de este foro son mostrar los logros de la web 2.0 en Galicia, exponer sus ventajas y desventajas aplicadas a diferentes sectores econ\u00f3micos de la sociedad y fomentar la interacci\u00f3n entre los diferentes actores de la social media en Galicia. Uno de los sectores ser\u00e1 el <b>TURISMO <\/b>contando con la colaboraci\u00f3n de la <b>Asociaci\u00f3n de Hosteler\u00eda de Santiago<\/b> entre otros. Agradecemos tambi\u00e9n al <b>Talaso Atl\u00e1ntico<\/b><span>\u00a0 <\/span>su aportaci\u00f3n al evento.<\/span><\/div>\n<div><\/div>\n<div><span>Al foro estar\u00e1n invitados los profesionales m\u00e1s cualificados del sector en una jornada dividida en dos sesiones, una de ma\u00f1ana y otra de tarde. En la sesi\u00f3n de la ma\u00f1ana contaremos con<span>\u00a0 <\/span>F\u00e1timaMart\u00ednez, David Serantes, Jos\u00e9Luis del Campo Villares o Juan Jos\u00e9 Romero Crusat.<\/span><\/div>\n<div><\/div>\n<div><span>Abriremos la sesi\u00f3n de tarde con Casos de \u00c9xito en el 2.0 en Galicia: en Turismo contaremos con<span>\u00a0 <\/span><a href=\"http:\/\/www.rodeiramar2a.com\/\"><b><span>Rodeiramar<\/span><\/b><\/a>.<span>\u00a0 <\/span>A continuaci\u00f3n los asistentes trabajar\u00e1n en cuatro talleres tem\u00e1ticos de Turismo\/gastronom\u00eda, Intervenci\u00f3n Social, Comunicaci\u00f3n e Industrias culturales. En el taller de TURISMO contaremos con la colaboraci\u00f3n de Iago Pazoso del <a href=\"http:\/\/www.blog.abastosdouspuntocero.es\/\"><b><span>Abastos2.0<\/span><\/b><\/a>, <a href=\"http:\/\/www.manuelgago.org\/blog\/\"><b><span>Manuel Gago<\/span><\/b><\/a>, Nicol\u00e1s \u00c1lvarez director editorial de <a href=\"http:\/\/aeronoticiarioscq.wordpress.com\/\"><b><span>Aeronoticiario SCQ<\/span><\/b><\/a> y Emanuel Casais de <a href=\"http:\/\/vinogallego.com\/\"><b><span>vinogallego.com<\/span><\/b><\/a>.<\/span><\/div>\n<div><\/div>\n<div><span>Tambi\u00e9n se llevar\u00e1 a cabo un bussines meeting point, donde se podr\u00e1n exponer nuevas ideas de negocio en torno a la web 2.0 con el fin de encontrar financiaci\u00f3n o ayuda de los llamados Bussines partner.<\/span><\/div>\n<div><span><br \/><\/span><\/div>\n<div><span><img decoding=\"async\" src=\"http:\/\/1.bp.blogspot.com\/-aPq0jCYgVN4\/ToMobVaY4SI\/AAAAAAAAAkw\/VlJc_Nfnfa0\/s1600\/banner_outubro.gif\"><\/span><\/div>\n","protected":false},"excerpt":{"rendered":"<p>El hotel Talaso Atl\u00e1ntico estar\u00e1 presente en el I Foro Unirede de Galicia. Santiago de Compostela acoger\u00e1 el Foro Unirede, el primer Foro Galego da web 2.0 el 15 de octubre. La Asociaci\u00f3n Adouspuntocero\u00a0 ha organizado este evento, en colaboraci\u00f3n con la USC, en la Facultad de CC da Comunicaci\u00f3n. Los objetivos principales de la [&hellip;]<\/p>\n","protected":false},"author":2,"featured_media":0,"comment_status":"open","ping_status":"open","sticky":false,"template":"","format":"standard","meta":{"_monsterinsights_skip_tracking":false,"_monsterinsights_sitenote_active":false,"_monsterinsights_sitenote_note":"","_monsterinsights_sitenote_category":0},"categories":[9],"tags":[],"_links":{"self":[{"href":"https:\/\/www.talasoatlantico.com\/blog\/wp-json\/wp\/v2\/posts\/101"}],"collection":[{"href":"https:\/\/www.talasoatlantico.com\/blog\/wp-json\/wp\/v2\/posts"}],"about":[{"href":"https:\/\/www.talasoatlantico.com\/blog\/wp-json\/wp\/v2\/types\/post"}],"author":[{"embeddable":true,"href":"https:\/\/www.talasoatlantico.com\/blog\/wp-json\/wp\/v2\/users\/2"}],"replies":[{"embeddable":true,"href":"https:\/\/www.talasoatlantico.com\/blog\/wp-json\/wp\/v2\/comments?post=101"}],"version-history":[{"count":0,"href":"https:\/\/www.talasoatlantico.com\/blog\/wp-json\/wp\/v2\/posts\/101\/revisions"}],"wp:attachment":[{"href":"https:\/\/www.talasoatlantico.com\/blog\/wp-json\/wp\/v2\/media?parent=101"}],"wp:term":[{"taxonomy":"category","embeddable":true,"href":"https:\/\/www.talasoatlantico.com\/blog\/wp-json\/wp\/v2\/categories?post=101"},{"taxonomy":"post_tag","embeddable":true,"href":"https:\/\/www.talasoatlantico.com\/blog\/wp-json\/wp\/v2\/tags?post=101"}],"curies":[{"name":"wp","href":"https:\/\/api.w.org\/{rel}","templated":true}]}}