{"id":102,"date":"2011-09-26T15:30:00","date_gmt":"2011-09-26T15:30:00","guid":{"rendered":"http:\/\/talasoatlantico.com\/blog\/?p=102"},"modified":"2013-11-20T23:18:31","modified_gmt":"2013-11-20T23:18:31","slug":"iv-mostra-gastronomica-baixo-mino","status":"publish","type":"post","link":"https:\/\/www.talasoatlantico.com\/blog\/iv-mostra-gastronomica-baixo-mino\/","title":{"rendered":"IV Mostra Gastronomica &#8211; Baixo Mi\u00f1o"},"content":{"rendered":"<div><a href=\"http:\/\/1.bp.blogspot.com\/-d_2aHzZ1NVA\/ToBVjcQlI3I\/AAAAAAAAAko\/vPUhzPcTfW4\/s1600\/encabezado2.jpg\" imageanchor=\"1\"><img decoding=\"async\" loading=\"lazy\" border=\"0\" height=\"212\" src=\"http:\/\/1.bp.blogspot.com\/-d_2aHzZ1NVA\/ToBVjcQlI3I\/AAAAAAAAAko\/vPUhzPcTfW4\/s320\/encabezado2.jpg\" width=\"320\"><\/a><\/div>\n<p><span>El <a href=\"http:\/\/www.talasoatlantico.com\/es\/\">hotel Talaso Atl\u00e1ntico<\/a> colabora con la 4\u00aa Mostra Gastron\u00f3mica de Pontevedra organizada por <a href=\"http:\/\/www.feprohos.org\/\">FEPROHOS<\/a>. La misma se celebra entre el 24 y el 30 de Septiembre en la comarca del Baixo Mi\u00f1o.<\/span><br \/><span><br \/><\/span><br \/><span>Ponemos a vuestra disposici\u00f3n un men\u00fa degustaci\u00f3n preparado para la ocasi\u00f3n, con lo mejor del mar.<\/span><br \/><span><br \/><\/span><br \/><span><br \/><\/span><br \/><span><\/span><\/p>\n<div align=\"center\"><span><span><b><u>Men\u00fa Mostra Gastron\u00f3mica<\/u><\/b><\/span><\/span><\/div>\n<div align=\"center\"><span><span><br \/><\/span><\/span><\/div>\n<div align=\"center\"><span><span>Boquerones marinados en casa con aceite de frambuesa<\/p>\n<p><\/span><\/span><\/div>\n<div align=\"center\"><span><span>Mini ensalada de mejillones en escabeche con migas de pan de ma\u00edz<\/p>\n<p><\/span><\/span><\/div>\n<div align=\"center\"><span><span>Vieira gratinada sobre canelones de acelgas<\/p>\n<p><\/span><\/span><\/div>\n<div align=\"center\"><span><span>Merluza en cazuela con almejas<\/p>\n<p><\/span><\/span><\/div>\n<div align=\"center\"><span><span>Sopa de yogur al jengibre<\/p>\n<p><\/span><\/span><\/div>\n<div align=\"center\"><\/div>\n<div align=\"center\"><span><span>Vino blanco D.O. R\u00edas Baixas albari\u00f1o Terras Gauda<span><\/p>\n<p><\/span><\/span><\/span><\/div>\n<p><span><br \/><\/span><br \/><span><br \/><\/span><br \/><span>Os dejamos el enlace con <a href=\"http:\/\/ossegredosdobaixomino.blogspot.com\/\">su blog<\/a> para ver m\u00e1s informaci\u00f3n.<\/span><br \/><span><br \/><\/span><br \/><span><span><\/span><\/span><\/p>\n<div><span><span><span>+info<\/span><\/span><\/span><\/div>\n<div><span><span><span><span><span><span><span><a href=\"http:\/\/www.talasoatlantico.com\/\">Hotel Talaso Atl\u00e1ntico<\/a><\/span><\/span><\/span><\/span><\/span><\/span><\/span><\/div>\n<div><span><span><span><span>talasoatlantico@talasoatlantico.com<\/span><\/span><\/span><\/span><\/div>\n<div><span><span><span>986.38.50.90<\/span><\/span><\/span><\/div>\n","protected":false},"excerpt":{"rendered":"<p>El hotel Talaso Atl\u00e1ntico colabora con la 4\u00aa Mostra Gastron\u00f3mica de Pontevedra organizada por FEPROHOS. La misma se celebra entre el 24 y el 30 de Septiembre en la comarca del Baixo Mi\u00f1o.Ponemos a vuestra disposici\u00f3n un men\u00fa degustaci\u00f3n preparado para la ocasi\u00f3n, con lo mejor del mar. Men\u00fa Mostra Gastron\u00f3mica Boquerones marinados en casa [&hellip;]<\/p>\n","protected":false},"author":2,"featured_media":0,"comment_status":"open","ping_status":"open","sticky":false,"template":"","format":"standard","meta":{"_monsterinsights_skip_tracking":false,"_monsterinsights_sitenote_active":false,"_monsterinsights_sitenote_note":"","_monsterinsights_sitenote_category":0},"categories":[6,20],"tags":[],"_links":{"self":[{"href":"https:\/\/www.talasoatlantico.com\/blog\/wp-json\/wp\/v2\/posts\/102"}],"collection":[{"href":"https:\/\/www.talasoatlantico.com\/blog\/wp-json\/wp\/v2\/posts"}],"about":[{"href":"https:\/\/www.talasoatlantico.com\/blog\/wp-json\/wp\/v2\/types\/post"}],"author":[{"embeddable":true,"href":"https:\/\/www.talasoatlantico.com\/blog\/wp-json\/wp\/v2\/users\/2"}],"replies":[{"embeddable":true,"href":"https:\/\/www.talasoatlantico.com\/blog\/wp-json\/wp\/v2\/comments?post=102"}],"version-history":[{"count":1,"href":"https:\/\/www.talasoatlantico.com\/blog\/wp-json\/wp\/v2\/posts\/102\/revisions"}],"predecessor-version":[{"id":952,"href":"https:\/\/www.talasoatlantico.com\/blog\/wp-json\/wp\/v2\/posts\/102\/revisions\/952"}],"wp:attachment":[{"href":"https:\/\/www.talasoatlantico.com\/blog\/wp-json\/wp\/v2\/media?parent=102"}],"wp:term":[{"taxonomy":"category","embeddable":true,"href":"https:\/\/www.talasoatlantico.com\/blog\/wp-json\/wp\/v2\/categories?post=102"},{"taxonomy":"post_tag","embeddable":true,"href":"https:\/\/www.talasoatlantico.com\/blog\/wp-json\/wp\/v2\/tags?post=102"}],"curies":[{"name":"wp","href":"https:\/\/api.w.org\/{rel}","templated":true}]}}