{"id":1185,"date":"2013-11-23T10:33:18","date_gmt":"2013-11-23T10:33:18","guid":{"rendered":"http:\/\/talasoatlantico.com\/blog\/?p=1185"},"modified":"2013-12-01T22:42:09","modified_gmt":"2013-12-01T22:42:09","slug":"exposicion-de-xabi-garrido-y-carlos-fierro","status":"publish","type":"post","link":"https:\/\/www.talasoatlantico.com\/blog\/exposicion-de-xabi-garrido-y-carlos-fierro\/","title":{"rendered":"Exposici\u00f3n de Xabi Garrido y Carlos Fierro"},"content":{"rendered":"<p>EXPOSICI\u00d3N<\/p>\n<p style=\"text-align: center;\"><a href=\"http:\/\/talasoatlantico.com\/blog\/wp-content\/uploads\/2013\/12\/exposicion-escultura-xabi-garrido-carlos-fierro.jpg\"><img decoding=\"async\" loading=\"lazy\" class=\"size-medium wp-image-1186 aligncenter\" alt=\"exposicion escultura xabi garrido carlos fierro\" src=\"http:\/\/talasoatlantico.com\/blog\/wp-content\/uploads\/2013\/12\/exposicion-escultura-xabi-garrido-carlos-fierro-212x300.jpg\" width=\"212\" height=\"300\" srcset=\"https:\/\/www.talasoatlantico.com\/blog\/wp-content\/uploads\/2013\/12\/exposicion-escultura-xabi-garrido-carlos-fierro-212x300.jpg 212w, https:\/\/www.talasoatlantico.com\/blog\/wp-content\/uploads\/2013\/12\/exposicion-escultura-xabi-garrido-carlos-fierro.jpg 679w\" sizes=\"(max-width: 212px) 100vw, 212px\" \/><\/a>Nueva exposici\u00f3n de escultura en Talaso Atl\u00e1ntico<\/p>\n<p>Del 23 de noviembre al 9 de enero tenemos una exposici\u00f3n de escultura en las instalaciones del hotel. Con entrada libre, todos pueden disfrutar de la obra de Xabi Garrido y de Carlos Fierro.<\/p>\n<p>\u00abLa evoluci\u00f3n de la materia\u00bb es el t\u00edtulo de la exposici\u00f3n que se podr\u00e1 visitar en las zonas comunes del hotel.<\/p>\n<p>&nbsp;<\/p>\n","protected":false},"excerpt":{"rendered":"<p>EXPOSICI\u00d3N Nueva exposici\u00f3n de escultura en Talaso Atl\u00e1ntico Del 23 de noviembre al 9 de enero tenemos una exposici\u00f3n de escultura en las instalaciones del hotel. Con entrada libre, todos pueden disfrutar de la obra de Xabi Garrido y de Carlos Fierro. \u00abLa evoluci\u00f3n de la materia\u00bb es el t\u00edtulo de la exposici\u00f3n que se [&hellip;]<\/p>\n","protected":false},"author":2,"featured_media":0,"comment_status":"open","ping_status":"open","sticky":false,"template":"","format":"standard","meta":{"_monsterinsights_skip_tracking":false,"_monsterinsights_sitenote_active":false,"_monsterinsights_sitenote_note":"","_monsterinsights_sitenote_category":0},"categories":[6,48],"tags":[],"_links":{"self":[{"href":"https:\/\/www.talasoatlantico.com\/blog\/wp-json\/wp\/v2\/posts\/1185"}],"collection":[{"href":"https:\/\/www.talasoatlantico.com\/blog\/wp-json\/wp\/v2\/posts"}],"about":[{"href":"https:\/\/www.talasoatlantico.com\/blog\/wp-json\/wp\/v2\/types\/post"}],"author":[{"embeddable":true,"href":"https:\/\/www.talasoatlantico.com\/blog\/wp-json\/wp\/v2\/users\/2"}],"replies":[{"embeddable":true,"href":"https:\/\/www.talasoatlantico.com\/blog\/wp-json\/wp\/v2\/comments?post=1185"}],"version-history":[{"count":1,"href":"https:\/\/www.talasoatlantico.com\/blog\/wp-json\/wp\/v2\/posts\/1185\/revisions"}],"predecessor-version":[{"id":1187,"href":"https:\/\/www.talasoatlantico.com\/blog\/wp-json\/wp\/v2\/posts\/1185\/revisions\/1187"}],"wp:attachment":[{"href":"https:\/\/www.talasoatlantico.com\/blog\/wp-json\/wp\/v2\/media?parent=1185"}],"wp:term":[{"taxonomy":"category","embeddable":true,"href":"https:\/\/www.talasoatlantico.com\/blog\/wp-json\/wp\/v2\/categories?post=1185"},{"taxonomy":"post_tag","embeddable":true,"href":"https:\/\/www.talasoatlantico.com\/blog\/wp-json\/wp\/v2\/tags?post=1185"}],"curies":[{"name":"wp","href":"https:\/\/api.w.org\/{rel}","templated":true}]}}