{"id":130,"date":"2011-07-08T09:16:00","date_gmt":"2011-07-08T09:16:00","guid":{"rendered":"http:\/\/talasoatlantico.com\/blog\/?p=130"},"modified":"2013-11-20T23:23:53","modified_gmt":"2013-11-20T23:23:53","slug":"casa-de-acogida-samaritana-usuarias-de-la-fundacion-las-samaritanas-en-el-spa","status":"publish","type":"post","link":"https:\/\/www.talasoatlantico.com\/blog\/casa-de-acogida-samaritana-usuarias-de-la-fundacion-las-samaritanas-en-el-spa\/","title":{"rendered":"Casa de Acogida &quot;Samaritana&quot;: Usuarias de la Fundaci\u00f3n las Samaritanas en el spa&#8230;"},"content":{"rendered":"<div><span>Compartimos esta entrada le\u00edda en un blog cercano&#8230;qu\u00e9 buena gente!!!<\/span><\/div>\n<div><\/div>\n<div><span><a href=\"http:\/\/casadeacogidasamaritana.blogspot.com\/2011\/06\/usuarias-de-la-fundacion-las.html?spref=bl\">Casa de Acogida \u00abSamaritana\u00bb: Usuarias de la Fundaci\u00f3n las Samaritanas en el spa&#8230;<\/a>: \u00abLa Fundaci\u00f3n Las Samaritanas, con sede en A G\u00e1ndara (A Guarda) agradecen la estancia, que calificaron de \u201cmaravillosa e inolvidable\u201d dura&#8230;\u00bb<\/span><\/div>\n","protected":false},"excerpt":{"rendered":"<p>Compartimos esta entrada le\u00edda en un blog cercano&#8230;qu\u00e9 buena gente!!! Casa de Acogida \u00abSamaritana\u00bb: Usuarias de la Fundaci\u00f3n las Samaritanas en el spa&#8230;: \u00abLa Fundaci\u00f3n Las Samaritanas, con sede en A G\u00e1ndara (A Guarda) agradecen la estancia, que calificaron de \u201cmaravillosa e inolvidable\u201d dura&#8230;\u00bb<\/p>\n","protected":false},"author":2,"featured_media":0,"comment_status":"open","ping_status":"open","sticky":false,"template":"","format":"standard","meta":{"_monsterinsights_skip_tracking":false,"_monsterinsights_sitenote_active":false,"_monsterinsights_sitenote_note":"","_monsterinsights_sitenote_category":0},"categories":[49,48],"tags":[],"_links":{"self":[{"href":"https:\/\/www.talasoatlantico.com\/blog\/wp-json\/wp\/v2\/posts\/130"}],"collection":[{"href":"https:\/\/www.talasoatlantico.com\/blog\/wp-json\/wp\/v2\/posts"}],"about":[{"href":"https:\/\/www.talasoatlantico.com\/blog\/wp-json\/wp\/v2\/types\/post"}],"author":[{"embeddable":true,"href":"https:\/\/www.talasoatlantico.com\/blog\/wp-json\/wp\/v2\/users\/2"}],"replies":[{"embeddable":true,"href":"https:\/\/www.talasoatlantico.com\/blog\/wp-json\/wp\/v2\/comments?post=130"}],"version-history":[{"count":1,"href":"https:\/\/www.talasoatlantico.com\/blog\/wp-json\/wp\/v2\/posts\/130\/revisions"}],"predecessor-version":[{"id":964,"href":"https:\/\/www.talasoatlantico.com\/blog\/wp-json\/wp\/v2\/posts\/130\/revisions\/964"}],"wp:attachment":[{"href":"https:\/\/www.talasoatlantico.com\/blog\/wp-json\/wp\/v2\/media?parent=130"}],"wp:term":[{"taxonomy":"category","embeddable":true,"href":"https:\/\/www.talasoatlantico.com\/blog\/wp-json\/wp\/v2\/categories?post=130"},{"taxonomy":"post_tag","embeddable":true,"href":"https:\/\/www.talasoatlantico.com\/blog\/wp-json\/wp\/v2\/tags?post=130"}],"curies":[{"name":"wp","href":"https:\/\/api.w.org\/{rel}","templated":true}]}}