{"id":144,"date":"2011-06-10T10:54:00","date_gmt":"2011-06-10T10:54:00","guid":{"rendered":"http:\/\/talasoatlantico.com\/blog\/?p=144"},"modified":"2011-06-10T10:54:00","modified_gmt":"2011-06-10T10:54:00","slug":"festas-de-santa-maria-de-oia-via-fene-com","status":"publish","type":"post","link":"https:\/\/www.talasoatlantico.com\/blog\/festas-de-santa-maria-de-oia-via-fene-com\/","title":{"rendered":"Festas de Santa Maria de Oia &#8211; v\u00eda Fene.com"},"content":{"rendered":"<p><a href=\"http:\/\/1.bp.blogspot.com\/-GFq9-6A2ato\/TfH5UX6YFkI\/AAAAAAAAAiM\/K_LAiKBbefA\/s1600\/Santa%2BMaria%2Bde%2BOia.jpg\"><img decoding=\"async\" src=\"http:\/\/1.bp.blogspot.com\/-GFq9-6A2ato\/TfH5UX6YFkI\/AAAAAAAAAiM\/K_LAiKBbefA\/s320\/Santa%2BMaria%2Bde%2BOia.jpg\" border=\"0\" alt=\"\"><\/a><\/p>\n<p><span>Compartimos esta informaci\u00f3n sobre las fiestas de Santa Mar\u00eda de Oia que hoy comienzan, encontrada la informaci\u00f3n en <a href=\"http:\/\/fenecom.blogspot.com\/2011\/06\/fiestas-en-santa-maria-de-oia-en-oia.html\">Fene.com<\/a><\/span><\/p>\n<\/p>\n<div><span><br \/><\/span><\/div>\n<p><span>Fecha:del 10 al 13 de junio de 2011<\/span><span> Lugar:Oia<\/span><span> Festividad de car\u00e1cter religioso que tiene lugar en el Monasterio de Santa Mar\u00eda de Oia para honrar a la Virgen del Carmen, el Sant\u00edsimo Sacramento y la Virgen del Mar, patrona de la localidad.<\/span><span><b>-Viernes 10: <\/b><\/span><\/p>\n<ul type=\"disc\">\n<li><span>A      las 21:00 horas. Comienzan las fiestas patronales con la celebraci\u00f3n de      una <b>Gran Sardi\u00f1ada<\/b> popular. La jornada estar\u00e1 amenizada      por el grupo de gaitas local <b>Ventos de Valdarca<\/b>.<\/span><\/li>\n<li><span>A      partir de las 23:00 horas, los vecinos de la parroquia confeccionar\u00e1n la      alfombra de sal por la que pasar\u00e1 la procesi\u00f3n.<\/span><\/li>\n<\/ul>\n<p><b><span>-S\u00e1bado 11: <\/span><\/b><\/p>\n<ul type=\"disc\">\n<li><span>A las      8:00 horas una salva de bombas anunciar\u00e1 el d\u00eda de fiesta en honor a la      Virgen del Carmen, dando lugar a la salida de los pasacalles.<\/span><\/li>\n<li><span>A      las 10:30 horas, y a las 12:00 se celebrar\u00e1 la misa solemne con serm\u00f3n y      procesi\u00f3n, en honor a la Virgen del Carmen, que estar\u00e1 cantada por el <b>Coro      Ecos do Fol\u00f3n de Fornelos do Rosal<\/b>.<\/span><\/li>\n<li><span>A      partir de las 18:00 horas actuaci\u00f3n del grupo de gaitas local<b>Ventos do      Valdarca,<\/b> que recorrer\u00e1 las calles de la parroquia animando a      todos los asistentes.<\/span><\/li>\n<li><span>A      las 18:15 horas los m\u00e1s peque\u00f1os de la casa disfrutar\u00e1n con Animaci\u00f3n      Infantil, donde podr\u00e1n divertirse con multitud de actividades l\u00fadicas      durante toda la jornada.<\/span><\/li>\n<li><span>A      las 22:30 horas, comenzar\u00e1 la verbena a cargo del grupo<b>Amistad<\/b> y      a partir de la medianoche, actuaci\u00f3n en concierto de la cantante <b>Mar\u00eda      Gracia<\/b>.<\/span><\/li>\n<\/ul>\n<p><b><span>-Domingo 12: <\/span><\/b><\/p>\n<ul type=\"disc\">\n<li><span>Comienza      el d\u00eda con la salva de bombas anunciando la festividad del Sant\u00edsimo      Sacramento, dando paso a las 10:30 horas, a la salida de los pasacalles      que estar\u00e1n acompa\u00f1ados por la <b>Uni\u00f3n Musical de Moug\u00e1s<\/b>.<\/span><\/li>\n<li><span>A      las 12:30 horas se celebrar\u00e1 la misa solemne con serm\u00f3n y procesi\u00f3n,      cantada por el Coro de hombres <b>Voces Baionesas<\/b>.<\/span><\/li>\n<li><span>A      partir de las 21:00 horas comenzar\u00e1 una espectacular verbena a cargo de      las orquestas <b>Azalea<\/b> y <b>Soldra<\/b>.<\/span><\/li>\n<\/ul>\n<p><b><span>-Lunes 13: <\/span><\/b><\/p>\n<ul type=\"disc\">\n<li><span>A      las 8:00 horas comienza la jornada con la salva de bombas, anunciando el      d\u00eda en honor a la Virxe do Mar.<\/span><\/li>\n<li><span>A      las 10:30 horas tendr\u00e1 lugar la salida de los pasacalles a cargo de la <b>Banda      de M\u00fasica de Salvaterra<\/b>, dando paso a las 12:30 horas a la celebraci\u00f3n      de la misa solemne en honor a la Virxe do Mar, con serm\u00f3n y procesi\u00f3n,      cantada por la <b>Coral Vagalume de Oia<\/b>.<\/span><\/li>\n<li><span>Ya      durante la tarde todos los asistentes disfrutar\u00e1n con la actuaci\u00f3n del      grupo tradicional <b>Tra lo Mosteiro<\/b>, y el grupo de gaitas <b>Ventos      do Valdarca<\/b>.<\/span><\/li>\n<li><span>A      partir de las 21:00 horas comenzar\u00e1 la verbena que estar\u00e1 amenizada por      las orquestas <b>Monumental<\/b> y <b>Marimba<\/b>.<\/span><\/li>\n<\/ul>\n","protected":false},"excerpt":{"rendered":"<p>Compartimos esta informaci\u00f3n sobre las fiestas de Santa Mar\u00eda de Oia que hoy comienzan, encontrada la informaci\u00f3n en Fene.com Fecha:del 10 al 13 de junio de 2011 Lugar:Oia Festividad de car\u00e1cter religioso que tiene lugar en el Monasterio de Santa Mar\u00eda de Oia para honrar a la Virgen del Carmen, el Sant\u00edsimo Sacramento y la [&hellip;]<\/p>\n","protected":false},"author":2,"featured_media":0,"comment_status":"open","ping_status":"open","sticky":false,"template":"","format":"standard","meta":{"_monsterinsights_skip_tracking":false,"_monsterinsights_sitenote_active":false,"_monsterinsights_sitenote_note":"","_monsterinsights_sitenote_category":0},"categories":[9],"tags":[],"_links":{"self":[{"href":"https:\/\/www.talasoatlantico.com\/blog\/wp-json\/wp\/v2\/posts\/144"}],"collection":[{"href":"https:\/\/www.talasoatlantico.com\/blog\/wp-json\/wp\/v2\/posts"}],"about":[{"href":"https:\/\/www.talasoatlantico.com\/blog\/wp-json\/wp\/v2\/types\/post"}],"author":[{"embeddable":true,"href":"https:\/\/www.talasoatlantico.com\/blog\/wp-json\/wp\/v2\/users\/2"}],"replies":[{"embeddable":true,"href":"https:\/\/www.talasoatlantico.com\/blog\/wp-json\/wp\/v2\/comments?post=144"}],"version-history":[{"count":0,"href":"https:\/\/www.talasoatlantico.com\/blog\/wp-json\/wp\/v2\/posts\/144\/revisions"}],"wp:attachment":[{"href":"https:\/\/www.talasoatlantico.com\/blog\/wp-json\/wp\/v2\/media?parent=144"}],"wp:term":[{"taxonomy":"category","embeddable":true,"href":"https:\/\/www.talasoatlantico.com\/blog\/wp-json\/wp\/v2\/categories?post=144"},{"taxonomy":"post_tag","embeddable":true,"href":"https:\/\/www.talasoatlantico.com\/blog\/wp-json\/wp\/v2\/tags?post=144"}],"curies":[{"name":"wp","href":"https:\/\/api.w.org\/{rel}","templated":true}]}}