{"id":151,"date":"2011-05-27T09:20:00","date_gmt":"2011-05-27T09:20:00","guid":{"rendered":"http:\/\/talasoatlantico.com\/blog\/?p=151"},"modified":"2011-05-27T09:20:00","modified_gmt":"2011-05-27T09:20:00","slug":"sesion-de-talasoterapia-en-oia-del-celta-faro-de-vigo","status":"publish","type":"post","link":"https:\/\/www.talasoatlantico.com\/blog\/sesion-de-talasoterapia-en-oia-del-celta-faro-de-vigo\/","title":{"rendered":"Sesi\u00f3n de talasoterapia en Oia del Celta &#8211; Faro de Vigo"},"content":{"rendered":"<p><a href=\"http:\/\/1.bp.blogspot.com\/-EoYXCyiAcU4\/Td9XQIcf1OI\/AAAAAAAAAh4\/jRPKpH_1zg0\/s1600\/2011-05-26_IMG_2011-05-26%2Bcelta%2Btalaso%2Batlantico.jpg\"><img decoding=\"async\" src=\"http:\/\/1.bp.blogspot.com\/-EoYXCyiAcU4\/Td9XQIcf1OI\/AAAAAAAAAh4\/jRPKpH_1zg0\/s320\/2011-05-26_IMG_2011-05-26%2Bcelta%2Btalaso%2Batlantico.jpg\" border=\"0\" alt=\"\"><\/a><\/p>\n<div><span><a href=\"http:\/\/www.farodevigo.es\/deportes\/2011\/05\/27\/plantilla-celeste-prefiere-elche\/548567.html\">Relajaci\u00f3n con agua de mar y risoterapia para aliviar la tensi\u00f3n y los m\u00fasculos <\/a><\/span><\/div>\n<div><span><br \/><\/span><\/div>\n<div><span>La plantilla del Celta vivi\u00f3 ayer una at\u00edpica jornada de trabajo destinada a aliviar tensiones, tanto el aspecto f\u00edsico como en el mental, y reforzar la uni\u00f3n del vestuario en un momento clave de la temporada. El plantel cambi\u00f3 ayer las instalaciones de A Madroa por el centro <a href=\"http:\/\/www.talasoatlantico.com\/\">Talaso Atl\u00e1ntico<\/a>, en Santa Mar\u00eda de Oia, donde los jugadores se sometieron a una reparadora terapia con agua de mar. M\u00e1s tarde, ya con los m\u00fasculos relajados, los integrantes del vestuario celeste participaron en una sesi\u00f3n de risoterapia para descargarse mentalmente de la presi\u00f3n que inevitablemente acompa\u00f1a al equipo en este emocionante final de temporada. La imagen recoge un momento del tratamiento de talasoterapia.<\/span><\/div>\n","protected":false},"excerpt":{"rendered":"<p>Relajaci\u00f3n con agua de mar y risoterapia para aliviar la tensi\u00f3n y los m\u00fasculos La plantilla del Celta vivi\u00f3 ayer una at\u00edpica jornada de trabajo destinada a aliviar tensiones, tanto el aspecto f\u00edsico como en el mental, y reforzar la uni\u00f3n del vestuario en un momento clave de la temporada. El plantel cambi\u00f3 ayer las [&hellip;]<\/p>\n","protected":false},"author":2,"featured_media":0,"comment_status":"open","ping_status":"open","sticky":false,"template":"","format":"standard","meta":{"_monsterinsights_skip_tracking":false,"_monsterinsights_sitenote_active":false,"_monsterinsights_sitenote_note":"","_monsterinsights_sitenote_category":0},"categories":[10],"tags":[],"_links":{"self":[{"href":"https:\/\/www.talasoatlantico.com\/blog\/wp-json\/wp\/v2\/posts\/151"}],"collection":[{"href":"https:\/\/www.talasoatlantico.com\/blog\/wp-json\/wp\/v2\/posts"}],"about":[{"href":"https:\/\/www.talasoatlantico.com\/blog\/wp-json\/wp\/v2\/types\/post"}],"author":[{"embeddable":true,"href":"https:\/\/www.talasoatlantico.com\/blog\/wp-json\/wp\/v2\/users\/2"}],"replies":[{"embeddable":true,"href":"https:\/\/www.talasoatlantico.com\/blog\/wp-json\/wp\/v2\/comments?post=151"}],"version-history":[{"count":0,"href":"https:\/\/www.talasoatlantico.com\/blog\/wp-json\/wp\/v2\/posts\/151\/revisions"}],"wp:attachment":[{"href":"https:\/\/www.talasoatlantico.com\/blog\/wp-json\/wp\/v2\/media?parent=151"}],"wp:term":[{"taxonomy":"category","embeddable":true,"href":"https:\/\/www.talasoatlantico.com\/blog\/wp-json\/wp\/v2\/categories?post=151"},{"taxonomy":"post_tag","embeddable":true,"href":"https:\/\/www.talasoatlantico.com\/blog\/wp-json\/wp\/v2\/tags?post=151"}],"curies":[{"name":"wp","href":"https:\/\/api.w.org\/{rel}","templated":true}]}}