{"id":152,"date":"2011-05-27T07:54:00","date_gmt":"2011-05-27T07:54:00","guid":{"rendered":"http:\/\/talasoatlantico.com\/blog\/?p=152"},"modified":"2011-05-27T07:54:00","modified_gmt":"2011-05-27T07:54:00","slug":"dos-banderas-azules-certifican-la-calidad-de-las-playas-guardesas","status":"publish","type":"post","link":"https:\/\/www.talasoatlantico.com\/blog\/dos-banderas-azules-certifican-la-calidad-de-las-playas-guardesas\/","title":{"rendered":"Dos banderas azules certifican la calidad de las playas guardesas"},"content":{"rendered":"<p><span><\/p>\n<div>Baixo Mi\u00f1o<\/div>\n<div>\n<h1>Dos banderas azules certifican la calidad de las playas guardesas<\/h1>\n<\/div>\n<div><\/div>\n<div>\n<h2>Area Grande la lucir\u00e1 por tercer a\u00f1o consecutivo y O Mu\u00ed\u00f1o por segunda vez<\/h2>\n<\/div>\n<div><\/div>\n<div>\n<table width=\"650\" border=\"0\" cellpadding=\"0\" cellspacing=\"0\">\n<tbody>\n<tr>\n<td width=\"500\"><img decoding=\"async\" loading=\"lazy\" src=\"http:\/\/estaticos02.farodevigo.es\/\/elementosWeb\/mediaweb\/images\/iconos\/reloj.gif\" width=\"13\" height=\"13\" align=\"absbottom\"><span>08:14<\/span>   <\/p>\n<div>VOTE ESTA NOTICIA  <span><img decoding=\"async\" name=\"voto1\" src=\"http:\/\/estaticos00.farodevigo.es\/\/elementosWeb\/mediaweb\/images\/iconos\/estrella.gif\" border=\"0\" align=\"ABSMIDDLE\"><\/span><span><img decoding=\"async\" name=\"voto2\" src=\"http:\/\/estaticos02.farodevigo.es\/\/elementosWeb\/mediaweb\/images\/iconos\/estrella.gif\" border=\"0\" align=\"ABSMIDDLE\"><\/span><span><img decoding=\"async\" name=\"voto3\" src=\"http:\/\/estaticos00.farodevigo.es\/\/elementosWeb\/mediaweb\/images\/iconos\/estrella.gif\" border=\"0\" align=\"ABSMIDDLE\"><\/span><span><img decoding=\"async\" name=\"voto4\" src=\"http:\/\/estaticos01.farodevigo.es\/\/elementosWeb\/mediaweb\/images\/iconos\/estrella.gif\" border=\"0\" align=\"ABSMIDDLE\"><\/span><span><img decoding=\"async\" name=\"voto5\" src=\"http:\/\/estaticos01.farodevigo.es\/\/elementosWeb\/mediaweb\/images\/iconos\/estrella.gif\" border=\"0\" align=\"ABSMIDDLE\"><\/span><\/div>\n<\/td>\n<td><\/td>\n<td width=\"25\">\n<div><a href=\"http:\/\/www.farodevigo.es\/comarcas\/2011\/05\/27\/banderas-azules-certifican-calidad-playas-guardesas\/548586.html\"><img decoding=\"async\" loading=\"lazy\" src=\"http:\/\/estaticos02.farodevigo.es\/\/elementosWeb\/mediaweb\/images\/iconos\/enviar.jpg\" alt=\"Enviar\" width=\"17\" height=\"17\" border=\"0\" align=\"ABSMIDDLE\"><\/a><\/div>\n<\/td>\n<td width=\"25\">\n<div><a href=\"http:\/\/www.farodevigo.es\/comarcas\/2011\/05\/27\/banderas-azules-certifican-calidad-playas-guardesas\/548586.html\"><img decoding=\"async\" loading=\"lazy\" src=\"http:\/\/estaticos02.farodevigo.es\/\/elementosWeb\/mediaweb\/images\/iconos\/imprimir.jpg\" alt=\"Imprimir\" width=\"17\" height=\"17\" border=\"0\" align=\"ABSMIDDLE\"><\/a><\/div>\n<\/td>\n<td width=\"25\">\n<div><img decoding=\"async\" loading=\"lazy\" src=\"http:\/\/estaticos02.farodevigo.es\/\/elementosWeb\/mediaweb\/images\/iconos\/textomas.jpg\" alt=\"Aumentar el texto\" width=\"17\" height=\"17\" border=\"0\" align=\"ABSMIDDLE\"><\/div>\n<\/td>\n<td width=\"25\">\n<div><img decoding=\"async\" loading=\"lazy\" src=\"http:\/\/estaticos01.farodevigo.es\/\/elementosWeb\/mediaweb\/images\/iconos\/textomenos.jpg\" alt=\"Reducir el texto\" width=\"17\" height=\"17\" border=\"0\" align=\"ABSMIDDLE\"><\/div>\n<\/td>\n<\/tr>\n<\/tbody>\n<\/table>\n<\/div>\n<div><\/div>\n<div><a href=\"http:\/\/www.farodevigo.es\/comarcas\/2011\/05\/27\/banderas-azules-certifican-calidad-playas-guardesas\/548586.html\"><img decoding=\"async\" src=\"http:\/\/fotos02.farodevigo.es\/fotos\/noticias\/318x200\/2011-05-26_IMG_2011-05-26_23:27:09_com2playas.jpg\" alt=\"Una vista de la playa de Area Grande, el pasado verano.  \/\/ C.A.G.\/E.G.\" title=\"Una vista de la playa de Area Grande, el pasado verano.  \/\/ C.A.G.\/E.G.\" border=\"0\" align=\"right\"><\/p>\n<div><\/div>\n<p><\/a><\/p>\n<div><\/div>\n<div align=\"right\">Una vista de la playa de Area Grande, el pasado verano. \/\/ C.A.G.\/E.G. <\/div>\n<div><\/div>\n<div><\/div>\n<div><\/div>\n<div><\/div>\n<div><\/div>\n<\/div>\n<div><\/div>\n<div>\n<p><b>EVA GONZ\u00c1LEZ &#8211; A GUARDA<\/b> Dos playas de A Guarda lograron de nuevo el distintivo de Bandera Azul en reconocimiento a la calidad medioambiental y por los servicios que ofertan. Se trata de arenales que adem\u00e1s cuentan con el distintivo SICTED de \u00abCompromiso de Calidad Tur\u00edstica\u00bb.<br \/>La playa de Area Grande repite por tercer a\u00f1o consecutivo esta distinci\u00f3n, reconoci\u00e9ndose as\u00ed la calidad de sus aguas mar\u00edtimas y el esfuerzo realizado desde el Concello para poner a disposici\u00f3n de sus usuarios servicios de excelente nivel. Este verano contar\u00e1 una vez m\u00e1s con el de socorrismo y una oferta de actividades informativas y medioambientales. La playa de O Mu\u00ed\u00f1o, en Camposancos, de caracter\u00edsticas muy diferentes, es fluvial y est\u00e1 enmarcada en el entorno natural de la desembocadura del Mi\u00f1o. Es el segundo a\u00f1o que consigue la distinci\u00f3n, con id\u00e9ntica apuesta. El Concello present\u00f3 a finales de 2010 ambas candidaturas.<br \/>El jurado internacional Bandera Azul ha publicado la concesi\u00f3n de estos galardones, junto con el resto de los concedidos en Galicia. En su comunicado da la enhorabuena a todas las playas y puertos deportivos galardonados por su compromiso con el programa y por la excelente voluntad por la que se logra que lugares con Bandera Azul re\u00fanan unos est\u00e1ndares de calidad para el p\u00fablico.<\/p>\n<\/div>\n<p><\/span><\/p>\n","protected":false},"excerpt":{"rendered":"<p>Baixo Mi\u00f1o Dos banderas azules certifican la calidad de las playas guardesas Area Grande la lucir\u00e1 por tercer a\u00f1o consecutivo y O Mu\u00ed\u00f1o por segunda vez 08:14 VOTE ESTA NOTICIA Una vista de la playa de Area Grande, el pasado verano. \/\/ C.A.G.\/E.G. EVA GONZ\u00c1LEZ &#8211; A GUARDA Dos playas de A Guarda lograron de [&hellip;]<\/p>\n","protected":false},"author":2,"featured_media":0,"comment_status":"open","ping_status":"open","sticky":false,"template":"","format":"standard","meta":{"_monsterinsights_skip_tracking":false,"_monsterinsights_sitenote_active":false,"_monsterinsights_sitenote_note":"","_monsterinsights_sitenote_category":0},"categories":[25,9],"tags":[],"_links":{"self":[{"href":"https:\/\/www.talasoatlantico.com\/blog\/wp-json\/wp\/v2\/posts\/152"}],"collection":[{"href":"https:\/\/www.talasoatlantico.com\/blog\/wp-json\/wp\/v2\/posts"}],"about":[{"href":"https:\/\/www.talasoatlantico.com\/blog\/wp-json\/wp\/v2\/types\/post"}],"author":[{"embeddable":true,"href":"https:\/\/www.talasoatlantico.com\/blog\/wp-json\/wp\/v2\/users\/2"}],"replies":[{"embeddable":true,"href":"https:\/\/www.talasoatlantico.com\/blog\/wp-json\/wp\/v2\/comments?post=152"}],"version-history":[{"count":0,"href":"https:\/\/www.talasoatlantico.com\/blog\/wp-json\/wp\/v2\/posts\/152\/revisions"}],"wp:attachment":[{"href":"https:\/\/www.talasoatlantico.com\/blog\/wp-json\/wp\/v2\/media?parent=152"}],"wp:term":[{"taxonomy":"category","embeddable":true,"href":"https:\/\/www.talasoatlantico.com\/blog\/wp-json\/wp\/v2\/categories?post=152"},{"taxonomy":"post_tag","embeddable":true,"href":"https:\/\/www.talasoatlantico.com\/blog\/wp-json\/wp\/v2\/tags?post=152"}],"curies":[{"name":"wp","href":"https:\/\/api.w.org\/{rel}","templated":true}]}}