{"id":157,"date":"2011-05-19T06:00:00","date_gmt":"2011-05-19T06:00:00","guid":{"rendered":"http:\/\/talasoatlantico.com\/blog\/?p=157"},"modified":"2013-11-20T23:25:29","modified_gmt":"2013-11-20T23:25:29","slug":"avelaina-en-nombre-de-mercado-solidario-y-talaso-atlantico-firman-un-convenio-a-favor-de-las-personas-con-discapacidad","status":"publish","type":"post","link":"https:\/\/www.talasoatlantico.com\/blog\/avelaina-en-nombre-de-mercado-solidario-y-talaso-atlantico-firman-un-convenio-a-favor-de-las-personas-con-discapacidad\/","title":{"rendered":"Avela\u00ed\u00f1a, en nombre de Mercado Solidario, y Talaso Atl\u00e1ntico firman un Convenio a favor de las personas con discapacidad"},"content":{"rendered":"<p><a href=\"http:\/\/3.bp.blogspot.com\/-PxURDcHDIOM\/TdQf88vRxuI\/AAAAAAAAAhY\/uxoRPc-MLR4\/s1600\/avelai%25C3%25B1a.jpg\"><img decoding=\"async\" src=\"http:\/\/3.bp.blogspot.com\/-PxURDcHDIOM\/TdQf88vRxuI\/AAAAAAAAAhY\/uxoRPc-MLR4\/s320\/avelai%25C3%25B1a.jpg\" border=\"0\" alt=\"\"><\/a><br \/><span><\/p>\n<div>\n<div>\n<div>\n<h2>\n<div>\n<p><span><a href=\"http:\/\/www.avelaina.org.es\/\">Mercado Solidario <\/a>y <a href=\"http:\/\/www.talasoatlantico.com\/\">Talaso Atl\u00e1ntico<\/a> inician un marco de colaboraci\u00f3n conjunta en materia social, que contribuir\u00e1 a facilitar la inclusi\u00f3n social de las personas con discapacidad.<\/span><\/p>\n<p><span><span>El acuerdo fue rubricado el pasado mi\u00e9rcoles, 11 de mayo<span>  <\/span>por el Gerente de la Asociaci\u00f3n Avela\u00ed\u00f1a, D. Rafael \u00c1lvarez y la directora del Talaso Atl\u00e1ntico, Do\u00f1a Mar\u00eda P\u00e9rez, en un acto celebrado en la sede<span>  <\/span>del Centro de Talasoterapia.<\/p>\n<p><\/span><\/span><\/p>\n<p><span><span>Talaso Atl\u00e1ntico, colabora con Mercado Solidario, mediante una aportaci\u00f3n econ\u00f3mica y un bono que consta de una estancia en el hotel, incluyendo una noche para dos personas, con desayuno y recorrido Marino, valorado en 200 \u20ac.<\/p>\n<p><\/span><\/span><\/p>\n<p><span><span>Este bono se sortear\u00e1 por las asociaciones integrantes de Mercado Solidario,<span>  <\/span>mediante rifas por valor de un euro.<\/p>\n<p><\/span><\/span><\/p>\n<p><span><span>Esta colaboraci\u00f3n, junto a  la de otras  empresas, como Hidromi\u00f1o, A Rosaleira y Ascensores Enor,  ayudar\u00e1 a Mercado Solidario a  optimizar los recursos de los que dispone, con una mayor cobertura en la dotaci\u00f3n de apoyos a personas con discapacidad, en la zona sur de Pontevedra.<\/span><span><\/p>\n<p><\/span><\/span><\/p>\n<p><span><span><span><\/span><\/span><\/span><\/p>\n<p><span><span><a href=\"http:\/\/www.facebook.com\/notes\/asociaci%C3%B3n-avela%C3%AD%C3%B1a\/avela%C3%AD%C3%B1a-en-nombre-de-mercado-solidario-y-talaso-atl%C3%A1ntico-firman-un-convenio-a-\/121233051293209\">Avela\u00ed\u00f1a, en nombre de Mercado Solidario, y Talaso Atl\u00e1ntico firman un Convenio a favor de las personas con discapacidad<\/a><\/p>\n<p><\/span><\/span><\/p>\n<p><span><span>por Asociaci\u00f3n Avela\u00ed\u00f1a o M\u00e9rcores, 18 de Maio de 2011 \u00e1s 10:24<\/p>\n<p><\/span><\/span><\/p>\n<p><span><span>Natalia Guisande.-18\/05\/2011<span>  <\/span>A Guarda<\/span><\/span><\/p>\n<\/p>\n<\/div>\n<\/h2>\n<\/div>\n<\/div>\n<\/div>\n<div>\n<div>\n<div>\n<div><img decoding=\"async\" src=\"http:\/\/a6.sphotos.ak.fbcdn.net\/hphotos-ak-ash4\/223385_121233594626488_100002195433137_192040_2770338_n.jpg\"><\/div>\n<\/div>\n<\/p>\n<\/p>\n<\/div>\n<\/div>\n<p><span ft='{\"type\":\"action\"}'><button title=\"G\u00fastame isto.\" type=\"submit\" name=\"like\"><span>G\u00fastame<\/span><\/button> \u00b7 <label title=\"Deixa un comentario\"><\/label> \u00b7 <a href=\"http:\/\/www.facebook.com\/ajax\/share_dialog.php?s=4&#038;appid=2347471856&#038;p%5B%5D=100002195433137&#038;p%5B%5D=121233051293209\" rel=\"dialog\">Compartir<\/a><\/span><\/span><\/p>\n","protected":false},"excerpt":{"rendered":"<p>Mercado Solidario y Talaso Atl\u00e1ntico inician un marco de colaboraci\u00f3n conjunta en materia social, que contribuir\u00e1 a facilitar la inclusi\u00f3n social de las personas con discapacidad. El acuerdo fue rubricado el pasado mi\u00e9rcoles, 11 de mayo por el Gerente de la Asociaci\u00f3n Avela\u00ed\u00f1a, D. Rafael \u00c1lvarez y la directora del Talaso Atl\u00e1ntico, Do\u00f1a Mar\u00eda P\u00e9rez, [&hellip;]<\/p>\n","protected":false},"author":2,"featured_media":0,"comment_status":"open","ping_status":"open","sticky":false,"template":"","format":"standard","meta":{"_monsterinsights_skip_tracking":false,"_monsterinsights_sitenote_active":false,"_monsterinsights_sitenote_note":"","_monsterinsights_sitenote_category":0},"categories":[49,48],"tags":[],"_links":{"self":[{"href":"https:\/\/www.talasoatlantico.com\/blog\/wp-json\/wp\/v2\/posts\/157"}],"collection":[{"href":"https:\/\/www.talasoatlantico.com\/blog\/wp-json\/wp\/v2\/posts"}],"about":[{"href":"https:\/\/www.talasoatlantico.com\/blog\/wp-json\/wp\/v2\/types\/post"}],"author":[{"embeddable":true,"href":"https:\/\/www.talasoatlantico.com\/blog\/wp-json\/wp\/v2\/users\/2"}],"replies":[{"embeddable":true,"href":"https:\/\/www.talasoatlantico.com\/blog\/wp-json\/wp\/v2\/comments?post=157"}],"version-history":[{"count":1,"href":"https:\/\/www.talasoatlantico.com\/blog\/wp-json\/wp\/v2\/posts\/157\/revisions"}],"predecessor-version":[{"id":972,"href":"https:\/\/www.talasoatlantico.com\/blog\/wp-json\/wp\/v2\/posts\/157\/revisions\/972"}],"wp:attachment":[{"href":"https:\/\/www.talasoatlantico.com\/blog\/wp-json\/wp\/v2\/media?parent=157"}],"wp:term":[{"taxonomy":"category","embeddable":true,"href":"https:\/\/www.talasoatlantico.com\/blog\/wp-json\/wp\/v2\/categories?post=157"},{"taxonomy":"post_tag","embeddable":true,"href":"https:\/\/www.talasoatlantico.com\/blog\/wp-json\/wp\/v2\/tags?post=157"}],"curies":[{"name":"wp","href":"https:\/\/api.w.org\/{rel}","templated":true}]}}