{"id":18,"date":"2013-01-25T10:00:00","date_gmt":"2013-01-25T10:00:00","guid":{"rendered":"http:\/\/talasoatlantico.com\/blog\/?p=18"},"modified":"2013-11-05T02:14:41","modified_gmt":"2013-11-05T02:14:41","slug":"fiesta-de-la-arribada-2013-baiona","status":"publish","type":"post","link":"https:\/\/www.talasoatlantico.com\/blog\/fiesta-de-la-arribada-2013-baiona\/","title":{"rendered":"Fiesta de la Arribada 2013 &#8211; Baiona"},"content":{"rendered":"<div dir=\"ltr\"><a href=\"http:\/\/2.bp.blogspot.com\/-6G4dgeVsJbA\/UQENOGRYU4I\/AAAAAAAABW0\/6HRsh-bfZzU\/s1600\/festa+da+arribada+baiona+2013+.jpg\"><img decoding=\"async\" loading=\"lazy\" class=\"alignleft\" style=\"border: 0px none;\" alt=\"\" src=\"http:\/\/2.bp.blogspot.com\/-6G4dgeVsJbA\/UQENOGRYU4I\/AAAAAAAABW0\/6HRsh-bfZzU\/s320\/festa+da+arribada+baiona+2013+.jpg\" width=\"225\" height=\"320\" border=\"0\" \/><\/a><span>Ya queda menos para disfrutar de una de las fiestas m\u00e1s grandes de Galicia, la fiesta de la Arribada de <a href=\"http:\/\/www.baiona.org\/\" target=\"_blank\">Baiona<\/a>. Este a\u00f1o se celebrar\u00e1 el d\u00eda 2 y 3 de marzo en la zona hist\u00f3rica del centro de Baiona.\u00a0<\/span><\/p>\n<div><span>\u00a0<\/span><\/div>\n<div><span>Recordamos que la Arribada \u00a0fue declarada\u00a0<a href=\"http:\/\/es.wikipedia.org\/wiki\/Anexo:Fiestas_de_Inter%C3%A9s_Tur%C3%ADstico_Nacional_(Espa%C3%B1a)#Marzo\" target=\"_blank\">Fiesta de Inter\u00e9s Tur\u00edstico Nacional<\/a>, por lo que es una aliciente m\u00e1s que interesante para aprovechar para visitar Galicia.<\/span><\/div>\n<div><span>\u00a0<\/span><\/div>\n<div><span>Cuando pienses en escapar a las <a href=\"http:\/\/www.riasbaixas.depo.es\/web2009\/\" target=\"_blank\">Turismo R\u00edas Baixas<\/a>, si quieres disfrutar de un <b>hotel con escapada gastron\u00f3mica y de relax<\/b>, solo tienes que hacer click aqu\u00ed&#8230;y <a href=\"http:\/\/talasoatlantico.com\/es\/reservas\/productos.html\" target=\"_blank\"><b><span>RESERVA YA.<\/span><\/b><\/a>\u00a0<\/span><\/div>\n<div><span>\u00a0<\/span><\/div>\n<div><span>\ud83d\ude42<\/span><\/div>\n<div><span>\u00a0<\/span><\/div>\n<div><span>Por \u00faltimo, dejamos el trailer promocional de la Fiesta de la Arribada a continucaci\u00f3n.<\/span><\/div>\n<div><span>\u00a0<\/span><\/div>\n<div><\/div>\n<p>&nbsp;<\/p>\n<\/div>\n","protected":false},"excerpt":{"rendered":"<p>Ya queda menos para disfrutar de una de las fiestas m\u00e1s grandes de Galicia, la fiesta de la Arribada de Baiona. Este a\u00f1o se celebrar\u00e1 el d\u00eda 2 y 3 de marzo en la zona hist\u00f3rica del centro de Baiona.\u00a0 \u00a0 Recordamos que la Arribada \u00a0fue declarada\u00a0Fiesta de Inter\u00e9s Tur\u00edstico Nacional, por lo que es [&hellip;]<\/p>\n","protected":false},"author":2,"featured_media":0,"comment_status":"open","ping_status":"open","sticky":false,"template":"","format":"standard","meta":{"_monsterinsights_skip_tracking":false,"_monsterinsights_sitenote_active":false,"_monsterinsights_sitenote_note":"","_monsterinsights_sitenote_category":0},"categories":[6,20,25,9],"tags":[],"_links":{"self":[{"href":"https:\/\/www.talasoatlantico.com\/blog\/wp-json\/wp\/v2\/posts\/18"}],"collection":[{"href":"https:\/\/www.talasoatlantico.com\/blog\/wp-json\/wp\/v2\/posts"}],"about":[{"href":"https:\/\/www.talasoatlantico.com\/blog\/wp-json\/wp\/v2\/types\/post"}],"author":[{"embeddable":true,"href":"https:\/\/www.talasoatlantico.com\/blog\/wp-json\/wp\/v2\/users\/2"}],"replies":[{"embeddable":true,"href":"https:\/\/www.talasoatlantico.com\/blog\/wp-json\/wp\/v2\/comments?post=18"}],"version-history":[{"count":1,"href":"https:\/\/www.talasoatlantico.com\/blog\/wp-json\/wp\/v2\/posts\/18\/revisions"}],"predecessor-version":[{"id":878,"href":"https:\/\/www.talasoatlantico.com\/blog\/wp-json\/wp\/v2\/posts\/18\/revisions\/878"}],"wp:attachment":[{"href":"https:\/\/www.talasoatlantico.com\/blog\/wp-json\/wp\/v2\/media?parent=18"}],"wp:term":[{"taxonomy":"category","embeddable":true,"href":"https:\/\/www.talasoatlantico.com\/blog\/wp-json\/wp\/v2\/categories?post=18"},{"taxonomy":"post_tag","embeddable":true,"href":"https:\/\/www.talasoatlantico.com\/blog\/wp-json\/wp\/v2\/tags?post=18"}],"curies":[{"name":"wp","href":"https:\/\/api.w.org\/{rel}","templated":true}]}}