{"id":187,"date":"2011-03-01T10:57:00","date_gmt":"2011-03-01T10:57:00","guid":{"rendered":"http:\/\/talasoatlantico.com\/blog\/?p=187"},"modified":"2013-11-20T23:29:27","modified_gmt":"2013-11-20T23:29:27","slug":"empresas-y-social-media-6-ventajas-y-6-inconvenientes-compostweets-2011","status":"publish","type":"post","link":"https:\/\/www.talasoatlantico.com\/blog\/empresas-y-social-media-6-ventajas-y-6-inconvenientes-compostweets-2011\/","title":{"rendered":"Empresas y Social Media: 6 ventajas y 6 inconvenientes (Compostweets 2011)"},"content":{"rendered":"<div><span>Compartimos esta interesante presentaci\u00f3n de <a href=\"http:\/\/rubenbaston.org\/\">Ruben Bast\u00f3n<\/a>, Social Media Director de Elogia,  que tuvimos la ocasi\u00f3n de ver y escuchar en <a href=\"http:\/\/www.compostweets.com\/\">Compostweets<\/a> el pasado s\u00e1bado.<\/span><\/div>\n<p><span><\/p>\n<div><\/div>\n<div>All\u00ed estuvo presente <a href=\"http:\/\/www.talasoatlantico.com\/\">Talaso Atl\u00e1ntico<\/a> apoyando esta iniciativa que tanto ha dado que hablar, y esperamos, siga dando mucho que hablar y se repita el a\u00f1o que viene este encuentro de <b>personas<\/b> interesadas en los medios sociales.<\/div>\n<div><\/div>\n<div>A nosotros particularmente, nos encant\u00f3 en l\u00edneas generales y felicitamos a la organizaci\u00f3n, adem\u00e1s siendo la 1\u00aa edici\u00f3n la valoraci\u00f3n es de sobresaliente.<\/div>\n<p><\/span><\/p>\n<div><strong><span><a href=\"http:\/\/www.slideshare.net\/rubenbaston\/empresas-social-media-6-ventajas-6-invonvenientes\" title=\"Empresas y Social Media: 6 ventajas y 6 inconvenientes\">Empresas y Social Media: 6 ventajas y 6 inconvenientes<\/a><\/span><\/strong><\/p>\n<div><span>View more <a href=\"http:\/\/www.slideshare.net\/\">presentations<\/a> from <a href=\"http:\/\/www.slideshare.net\/rubenbaston\">Ruben Baston<\/a>.<\/span><\/div>\n<\/div>\n","protected":false},"excerpt":{"rendered":"<p>Compartimos esta interesante presentaci\u00f3n de Ruben Bast\u00f3n, Social Media Director de Elogia, que tuvimos la ocasi\u00f3n de ver y escuchar en Compostweets el pasado s\u00e1bado. All\u00ed estuvo presente Talaso Atl\u00e1ntico apoyando esta iniciativa que tanto ha dado que hablar, y esperamos, siga dando mucho que hablar y se repita el a\u00f1o que viene este encuentro [&hellip;]<\/p>\n","protected":false},"author":2,"featured_media":0,"comment_status":"open","ping_status":"open","sticky":false,"template":"","format":"standard","meta":{"_monsterinsights_skip_tracking":false,"_monsterinsights_sitenote_active":false,"_monsterinsights_sitenote_note":"","_monsterinsights_sitenote_category":0},"categories":[48],"tags":[],"_links":{"self":[{"href":"https:\/\/www.talasoatlantico.com\/blog\/wp-json\/wp\/v2\/posts\/187"}],"collection":[{"href":"https:\/\/www.talasoatlantico.com\/blog\/wp-json\/wp\/v2\/posts"}],"about":[{"href":"https:\/\/www.talasoatlantico.com\/blog\/wp-json\/wp\/v2\/types\/post"}],"author":[{"embeddable":true,"href":"https:\/\/www.talasoatlantico.com\/blog\/wp-json\/wp\/v2\/users\/2"}],"replies":[{"embeddable":true,"href":"https:\/\/www.talasoatlantico.com\/blog\/wp-json\/wp\/v2\/comments?post=187"}],"version-history":[{"count":1,"href":"https:\/\/www.talasoatlantico.com\/blog\/wp-json\/wp\/v2\/posts\/187\/revisions"}],"predecessor-version":[{"id":992,"href":"https:\/\/www.talasoatlantico.com\/blog\/wp-json\/wp\/v2\/posts\/187\/revisions\/992"}],"wp:attachment":[{"href":"https:\/\/www.talasoatlantico.com\/blog\/wp-json\/wp\/v2\/media?parent=187"}],"wp:term":[{"taxonomy":"category","embeddable":true,"href":"https:\/\/www.talasoatlantico.com\/blog\/wp-json\/wp\/v2\/categories?post=187"},{"taxonomy":"post_tag","embeddable":true,"href":"https:\/\/www.talasoatlantico.com\/blog\/wp-json\/wp\/v2\/tags?post=187"}],"curies":[{"name":"wp","href":"https:\/\/api.w.org\/{rel}","templated":true}]}}