{"id":191,"date":"2011-02-20T15:45:00","date_gmt":"2011-02-20T15:45:00","guid":{"rendered":"http:\/\/talasoatlantico.com\/blog\/?p=191"},"modified":"2013-11-20T23:29:56","modified_gmt":"2013-11-20T23:29:56","slug":"mi-primera-comunion-en-talaso-atlantico","status":"publish","type":"post","link":"https:\/\/www.talasoatlantico.com\/blog\/mi-primera-comunion-en-talaso-atlantico\/","title":{"rendered":"Mi primera comunion en Talaso Atlantico"},"content":{"rendered":"<p><a href=\"http:\/\/1.bp.blogspot.com\/-M8b7AuxJITo\/TWE6XO7J_SI\/AAAAAAAAAek\/zv8oH3uJJXw\/s1600\/Comunion%2B1.jpg\"><img decoding=\"async\" alt=\"\" border=\"0\" src=\"http:\/\/1.bp.blogspot.com\/-M8b7AuxJITo\/TWE6XO7J_SI\/AAAAAAAAAek\/zv8oH3uJJXw\/s320\/Comunion%2B1.jpg\"><\/a><\/p>\n<div><span lang=\"ES-TRAD\"><span>Para la celebraci\u00f3n de banquetes de Primera Comuni\u00f3n, <a href=\"http:\/\/www.talasoatlantico.com\/\">Talaso Atl\u00e1ntico<\/a> dispone de espacios interiores y exteriores que le permitir\u00e1n disfrutar de las espl\u00e9ndidas vistas al mar, con el apoyo de un servicio de guarder\u00eda infantil atendida por cuidadoras.<\/p>\n<p><\/span><\/span><\/div>\n<div><span lang=\"ES-TRAD\"><\/p>\n<p><span> <\/span><\/p>\n<p><\/span><\/div>\n<div><span lang=\"ES-TRAD\"><span>Nuestra oferta de banquetes de Primera Comuni\u00f3n le ofrece:<\/p>\n<p><\/span><\/span><\/div>\n<div align=\"center\"><span lang=\"ES-TRAD\"><\/p>\n<p><span> <\/span><\/p>\n<p><\/span><\/div>\n<div><span><span lang=\"ES-TRAD\"><img decoding=\"async\" loading=\"lazy\" alt=\"*\" height=\"13\" src=\"file:\/\/\/C:\/Users\/usuario\/AppData\/Local\/Temp\/msohtmlclip1\/01\/clip_image001.png\" width=\"13\"><span>      <\/span><\/span><span lang=\"ES-TRAD\">Cat\u00e1logo de men\u00fas abiertos a su preferencias <\/p>\n<p><\/span><\/span><\/div>\n<div><span><span lang=\"ES-TRAD\"><img decoding=\"async\" loading=\"lazy\" alt=\"*\" height=\"13\" src=\"file:\/\/\/C:\/Users\/usuario\/AppData\/Local\/Temp\/msohtmlclip1\/01\/clip_image001.png\" width=\"13\"><span>      <\/span><\/span><span lang=\"ES-TRAD\">Decoraci\u00f3n de las mesas<\/p>\n<p><\/span><\/span><\/div>\n<div><span><span lang=\"ES-TRAD\"><img decoding=\"async\" loading=\"lazy\" alt=\"*\" height=\"13\" src=\"file:\/\/\/C:\/Users\/usuario\/AppData\/Local\/Temp\/msohtmlclip1\/01\/clip_image001.png\" width=\"13\"><span>      <\/span><\/span><span lang=\"ES-TRAD\">Minutas personalizadas para los adultos, con el nombre del ni\u00f1o o ni\u00f1a que celebra la Primera Comuni\u00f3n.<\/p>\n<p><\/span><\/span><\/div>\n<div><span><span lang=\"ES-TRAD\"><img decoding=\"async\" loading=\"lazy\" alt=\"*\" height=\"13\" src=\"file:\/\/\/C:\/Users\/usuario\/AppData\/Local\/Temp\/msohtmlclip1\/01\/clip_image001.png\" width=\"13\"><span>      <\/span><\/span><span lang=\"ES-TRAD\">Minutas personalizadas para los ni\u00f1os<\/p>\n<p><\/span><\/span><\/div>\n<div><span><span lang=\"ES-TRAD\"><img decoding=\"async\" loading=\"lazy\" alt=\"*\" height=\"13\" src=\"file:\/\/\/C:\/Users\/usuario\/AppData\/Local\/Temp\/msohtmlclip1\/01\/clip_image001.png\" width=\"13\"><span>      <\/span><\/span><span lang=\"ES-TRAD\">Uso gratuito de las instalaciones y juegos de la guarder\u00eda infantil, atendida por cuidadoras (para ni\u00f1os mayores de 1 a\u00f1o de edad que caminen por s\u00ed solos). Consulte el horario de este servicio<\/p>\n<p><\/span><\/span><\/div>\n<div><span><span lang=\"ES-TRAD\"><img decoding=\"async\" loading=\"lazy\" alt=\"*\" height=\"13\" src=\"file:\/\/\/C:\/Users\/usuario\/AppData\/Local\/Temp\/msohtmlclip1\/01\/clip_image001.png\" width=\"13\"><span>      <\/span><\/span><span lang=\"ES-TRAD\">Precios especiales para el servicio de Recorrido Marino (piscina terap\u00e9utica de agua de mar caliente)<\/p>\n<p><\/span><\/span><\/div>\n<div><span><span lang=\"ES-TRAD\"><img decoding=\"async\" loading=\"lazy\" alt=\"*\" height=\"13\" src=\"file:\/\/\/C:\/Users\/usuario\/AppData\/Local\/Temp\/msohtmlclip1\/01\/clip_image001.png\" width=\"13\"><span>      <\/span><\/span><\/span><span lang=\"ES-TRAD\"><span>Precios especiales de alojamiento y desayuno<\/span><span><\/p>\n<p><\/span><\/span><\/div>\n<div><span><br \/><\/span><\/div>\n<div><span>CONTACTO DIRECTO: comercial@talasoatlantico.com<\/span><\/div>\n<div><span><br \/><\/span><\/div>\n<div><span><span><\/span><\/span><\/div>\n<div><span><b>+info:<\/p>\n<p><\/b><\/span><\/div>\n<div><span><b><span><\/p>\n<p><\/span><\/b><\/span><\/div>\n<div><span><b><span><span>T- 986.38.50.90<\/p>\n<p><\/span><\/span><\/b><\/span><\/div>\n<div><span><b>@- talasoatlantico@talasoatlantico.com<\/b><\/span><\/div>\n<div><span lang=\"ES-TRAD\"><span><br \/><\/span><\/span><\/div>\n<div><span lang=\"ES-TRAD\"><span><br \/><\/span><\/span><\/div>\n","protected":false},"excerpt":{"rendered":"<p>Para la celebraci\u00f3n de banquetes de Primera Comuni\u00f3n, Talaso Atl\u00e1ntico dispone de espacios interiores y exteriores que le permitir\u00e1n disfrutar de las espl\u00e9ndidas vistas al mar, con el apoyo de un servicio de guarder\u00eda infantil atendida por cuidadoras. Nuestra oferta de banquetes de Primera Comuni\u00f3n le ofrece: Cat\u00e1logo de men\u00fas abiertos a su preferencias Decoraci\u00f3n [&hellip;]<\/p>\n","protected":false},"author":2,"featured_media":0,"comment_status":"open","ping_status":"open","sticky":false,"template":"","format":"standard","meta":{"_monsterinsights_skip_tracking":false,"_monsterinsights_sitenote_active":false,"_monsterinsights_sitenote_note":"","_monsterinsights_sitenote_category":0},"categories":[6,47],"tags":[],"_links":{"self":[{"href":"https:\/\/www.talasoatlantico.com\/blog\/wp-json\/wp\/v2\/posts\/191"}],"collection":[{"href":"https:\/\/www.talasoatlantico.com\/blog\/wp-json\/wp\/v2\/posts"}],"about":[{"href":"https:\/\/www.talasoatlantico.com\/blog\/wp-json\/wp\/v2\/types\/post"}],"author":[{"embeddable":true,"href":"https:\/\/www.talasoatlantico.com\/blog\/wp-json\/wp\/v2\/users\/2"}],"replies":[{"embeddable":true,"href":"https:\/\/www.talasoatlantico.com\/blog\/wp-json\/wp\/v2\/comments?post=191"}],"version-history":[{"count":1,"href":"https:\/\/www.talasoatlantico.com\/blog\/wp-json\/wp\/v2\/posts\/191\/revisions"}],"predecessor-version":[{"id":996,"href":"https:\/\/www.talasoatlantico.com\/blog\/wp-json\/wp\/v2\/posts\/191\/revisions\/996"}],"wp:attachment":[{"href":"https:\/\/www.talasoatlantico.com\/blog\/wp-json\/wp\/v2\/media?parent=191"}],"wp:term":[{"taxonomy":"category","embeddable":true,"href":"https:\/\/www.talasoatlantico.com\/blog\/wp-json\/wp\/v2\/categories?post=191"},{"taxonomy":"post_tag","embeddable":true,"href":"https:\/\/www.talasoatlantico.com\/blog\/wp-json\/wp\/v2\/tags?post=191"}],"curies":[{"name":"wp","href":"https:\/\/api.w.org\/{rel}","templated":true}]}}