{"id":212,"date":"2011-01-19T19:37:00","date_gmt":"2011-01-19T19:37:00","guid":{"rendered":"http:\/\/talasoatlantico.com\/blog\/?p=212"},"modified":"2013-11-20T23:48:25","modified_gmt":"2013-11-20T23:48:25","slug":"talasoatlantico-en-fitur","status":"publish","type":"post","link":"https:\/\/www.talasoatlantico.com\/blog\/talasoatlantico-en-fitur\/","title":{"rendered":"@talasoatlantico en #fitur"},"content":{"rendered":"<div><span><u><br \/><\/u><\/span><\/div>\n<p><a href=\"http:\/\/2.bp.blogspot.com\/_u_dwr43mzZg\/TTdCig2m4aI\/AAAAAAAAAcc\/eDlh9y3ufLE\/s1600\/fitur%2Bgalicia.jpg\"><img decoding=\"async\" src=\"http:\/\/2.bp.blogspot.com\/_u_dwr43mzZg\/TTdCig2m4aI\/AAAAAAAAAcc\/eDlh9y3ufLE\/s320\/fitur%2Bgalicia.jpg\" border=\"0\" alt=\"\"><\/a><\/p>\n<div><span>Primer d\u00eda en <a href=\"http:\/\/www.ifema.es\/ferias\/fitur\/default.html\">Fitur<\/a> y muy buenas sensaciones para el equipo desplazado del <a href=\"http:\/\/talasoatlantico.com\/\">hotel Talaso Atl\u00e1ntico<\/a>. Desde luego hemos aprovechado el d\u00eda!!<\/span><\/div>\n<div><span><br \/><\/span><\/div>\n<div><span>Hemos aprovechado para saludar caras conocidas y para desvirtualizarnos. Visitas obligadas a los stands de <a href=\"http:\/\/www.blogger.com\/www.turgalicia.es\">Turgalicia<\/a> y <a href=\"http:\/\/www.riasbaixas.depo.es\/\">Turismo Rias Baixas<\/a> nada m\u00e1s llegar.<\/span><\/div>\n<div><span><br \/><\/span><\/div>\n<div><span>Por supuesto asistimos de <a href=\"http:\/\/www.ithotelero.com\/fiturtech2011.php\">Fiturtech, de ITH<\/a> (gracias Fabian y Patricia!), y aprovechamos para saludar a nuestros amigos de la <a href=\"http:\/\/comunidad.hosteltur.com\/\">Comunidad de Hosteltur<\/a> (gracias Esther y Magdalena!), a los de  <a href=\"http:\/\/www.promo-turismo.com\/\">Promo-Turismo<\/a> (gracias Marco!, a Maleneta le veremos ma\u00f1ana, no?) y los amigos de <a href=\"http:\/\/www.minube.com\/\">minube.com<\/a> (gracias Gonzalo y Ra\u00fal!) , siempre agradables!<\/span><\/div>\n<div><span><br \/><\/span><\/div>\n<div><span>No nos queremos olvidar de los grandes trabajadores de gallegos como: Jandro, Carolina, Patricia, Elina, Bel (gran trabajo en twitter!), Fran y Merche de <a href=\"http:\/\/www.rodeiramar2a.com\/\">Rodeiramar<\/a>, Fernado de <a href=\"http:\/\/www.airinos.com\/\">Airi\u00f1os<\/a>, o Susana de <a href=\"http:\/\/www.msccruceros.es\/es_es\/inicio.aspx\">MSC Cruceros<\/a>.<\/span><\/div>\n<div><span><br \/><\/span><\/div>\n<div><span>Tambi\u00e9n nos acercamos a saludar a otros colegas de trabajo, y a los que no pudimos saludar hoy, ya hemos quedado ma\u00f1ana. Ah! y gente nueva!<\/span><\/div>\n<div><span><br \/><\/span><\/div>\n<div><span>Destacaremos la charla sobre e-mail marketing impartida magistralmente por Carlos Herrera de <a href=\"http:\/\/www.antevenio.com\/\">Antevenio<\/a>, donde tambi\u00e9n tuvimos el placer de conocer a Mar\u00eda Feijoo. La pr\u00f3xima vez en las R\u00edas Baixas de Galicia nos veremos! <\/span><\/div>\n<div><span><br \/><\/span><\/div>\n<div><span>Ah!, y nos quer\u00edamos olvidarnos de una cosa: #fitur con twitter, mucho m\u00e1s divertido!! Fitur, es tendencia&#8230; xD<\/span><\/div>\n<div><span><br \/><\/span><\/div>\n<div><span><img decoding=\"async\" src=\"http:\/\/3.bp.blogspot.com\/_u_dwr43mzZg\/TTdDDdP4IFI\/AAAAAAAAAck\/ytQEB-96pFA\/s320\/fitur%2Bhosteltur.jpg\"><\/span><\/div>\n<div><span><br \/><\/span><\/div>\n<div><span><span><\/p>\n<div><span>Para contactar con nosotr@s pod\u00e9is poneros en contacto con nosotr@s en los siguientes correos electr\u00f3nicos, para lo que necesit\u00e9is:<\/span><\/div>\n<div><span><br \/><\/span><\/div>\n<div><b><span>comercialexterno@talasoatlantico.com<\/span><\/b><\/div>\n<div><span><b><span><br \/><\/span><\/b><\/span><\/div>\n<div><span><b><span>socialmedia@talasoatlantico.com<\/span><\/b><\/span><\/div>\n<div><span><br \/><\/span><\/div>\n<div><span><br \/><\/span><\/div>\n<div><span><span><\/p>\n<p>+info:<\/p>\n<p><p><span><\/span><\/p>\n<\/p>\n<p><span>T- 986.38.50.90<\/p>\n<p><\/span><\/p>\n<p>@- talasoatlantico@talasoatlantico.com<\/p>\n<p><\/span><\/span><\/div>\n<p><\/span><\/span><\/div>\n","protected":false},"excerpt":{"rendered":"<p>Primer d\u00eda en Fitur y muy buenas sensaciones para el equipo desplazado del hotel Talaso Atl\u00e1ntico. Desde luego hemos aprovechado el d\u00eda!! Hemos aprovechado para saludar caras conocidas y para desvirtualizarnos. Visitas obligadas a los stands de Turgalicia y Turismo Rias Baixas nada m\u00e1s llegar. Por supuesto asistimos de Fiturtech, de ITH (gracias Fabian y [&hellip;]<\/p>\n","protected":false},"author":2,"featured_media":0,"comment_status":"open","ping_status":"open","sticky":false,"template":"","format":"standard","meta":{"_monsterinsights_skip_tracking":false,"_monsterinsights_sitenote_active":false,"_monsterinsights_sitenote_note":"","_monsterinsights_sitenote_category":0},"categories":[6,48],"tags":[],"_links":{"self":[{"href":"https:\/\/www.talasoatlantico.com\/blog\/wp-json\/wp\/v2\/posts\/212"}],"collection":[{"href":"https:\/\/www.talasoatlantico.com\/blog\/wp-json\/wp\/v2\/posts"}],"about":[{"href":"https:\/\/www.talasoatlantico.com\/blog\/wp-json\/wp\/v2\/types\/post"}],"author":[{"embeddable":true,"href":"https:\/\/www.talasoatlantico.com\/blog\/wp-json\/wp\/v2\/users\/2"}],"replies":[{"embeddable":true,"href":"https:\/\/www.talasoatlantico.com\/blog\/wp-json\/wp\/v2\/comments?post=212"}],"version-history":[{"count":1,"href":"https:\/\/www.talasoatlantico.com\/blog\/wp-json\/wp\/v2\/posts\/212\/revisions"}],"predecessor-version":[{"id":1017,"href":"https:\/\/www.talasoatlantico.com\/blog\/wp-json\/wp\/v2\/posts\/212\/revisions\/1017"}],"wp:attachment":[{"href":"https:\/\/www.talasoatlantico.com\/blog\/wp-json\/wp\/v2\/media?parent=212"}],"wp:term":[{"taxonomy":"category","embeddable":true,"href":"https:\/\/www.talasoatlantico.com\/blog\/wp-json\/wp\/v2\/categories?post=212"},{"taxonomy":"post_tag","embeddable":true,"href":"https:\/\/www.talasoatlantico.com\/blog\/wp-json\/wp\/v2\/tags?post=212"}],"curies":[{"name":"wp","href":"https:\/\/api.w.org\/{rel}","templated":true}]}}