{"id":24,"date":"2012-11-27T11:30:00","date_gmt":"2012-11-27T11:30:00","guid":{"rendered":"http:\/\/talasoatlantico.com\/blog\/?p=24"},"modified":"2013-11-20T22:52:57","modified_gmt":"2013-11-20T22:52:57","slug":"menu-degustacion-en-el-restaurante-faro","status":"publish","type":"post","link":"https:\/\/www.talasoatlantico.com\/blog\/menu-degustacion-en-el-restaurante-faro\/","title":{"rendered":"Men\u00fa Degustaci\u00f3n en el Restaurante Faro"},"content":{"rendered":"<div dir=\"ltr\" trbidi=\"on\"><span>MENU DEGUSTACION DE OTO\u00d1O\u00a0<\/span><br \/><span><br \/><\/span><\/p>\n<div><span>Este fin de semana comenzamos con un nuevo Men\u00fa Degustaci\u00f3n elaborado por nuestro Jefe de Cocina, Javier Fins, especialmente para esta \u00e9poca del a\u00f1o. La propuesta estar\u00e1 a vuestra disposici\u00f3n a lo largo de este oto\u00f1o e invierno en <a href=\"http:\/\/talasoatlantico.com\/es\/restauracion\/restaurante.html\" target=\"_blank\">el Restaurante Faro del hotel<\/a>.<\/span><\/div>\n<div><span><br \/><\/span><\/div>\n<div><span>Fue hace un a\u00f1o cuando preparamos el primer Men\u00fa Degustaci\u00f3n tambi\u00e9n en esta \u00e9poca \u00a0del a\u00f1o, debido a la buena acogida y a sus buenas cr\u00edticas repetimos en verano. Ahora, el Chef Fins le ha dado una vuelta de tuerca a los platos que componen el men\u00fa. La pr\u00e1ctica totalidad de los productos son de temporada y ligan sobremanera uno tras otro, un aut\u00e9ntico placer para gozar de la gastronom\u00eda que elabora el equipo de Cocina de Talaso Atl\u00e1ntico.<\/span><\/div>\n<div><span><a href=\"http:\/\/2.bp.blogspot.com\/-Ng3RhqlyudA\/ULOrgHlQ5TI\/AAAAAAAABNQ\/-yCPyyWnOHo\/s1600\/menu+degustacion+talasoatlantico++botijo.jpg\" imageanchor=\"1\"><img decoding=\"async\" loading=\"lazy\" border=\"0\" height=\"153\" src=\"http:\/\/2.bp.blogspot.com\/-Ng3RhqlyudA\/ULOrgHlQ5TI\/AAAAAAAABNQ\/-yCPyyWnOHo\/s200\/menu+degustacion+talasoatlantico++botijo.jpg\" width=\"200\"><\/a><\/span><\/div>\n<div><span>Muchas veces se dice que se come con la vista, pues a continuaci\u00f3n compartimos una par de fotos y detallamos los platos que componen el Men\u00fa Degustaci\u00f3n que ofrecemos a todos los clientes de Talaso Atl\u00e1ntico, alojados o no alojados, por el m\u00f3dico precio de 29.00 \u20ac.<\/span><\/div>\n<div><span><br \/><\/span><\/div>\n<div><span><br \/><\/span><\/div>\n<div><span>\u00bfSe come mal en los hoteles? Quien dijo eso es que no prob\u00f3 la gastronom\u00eda que ofrecemos en este hotel: cocina tradicional de mercado con una cuidada presentaci\u00f3n.\u00a0<\/span><\/div>\n<div><span><br \/><\/span><\/div>\n<div><span><a href=\"http:\/\/4.bp.blogspot.com\/-uE3A1MjNNwo\/ULOsLCs3fPI\/AAAAAAAABNY\/PVYhMhwPxik\/s1600\/menu+degustacion+galicia+rias+baixas+restaurante+faro+oia+hotel+talaso+atlantico.jpg\" imageanchor=\"1\"><img decoding=\"async\" loading=\"lazy\" border=\"0\" height=\"200\" src=\"http:\/\/4.bp.blogspot.com\/-uE3A1MjNNwo\/ULOsLCs3fPI\/AAAAAAAABNY\/PVYhMhwPxik\/s200\/menu+degustacion+galicia+rias+baixas+restaurante+faro+oia+hotel+talaso+atlantico.jpg\" width=\"200\"><\/a><\/span><\/div>\n<div><span><br \/><\/span><\/div>\n<div><span>Como siempre, a lo largo de este oto\u00f1o e invierno, procuraremos desvelar alguna de las recetas que componen el Men\u00fa Degustaci\u00f3n. \u00bfAlguna sugerencia sobre el plato que m\u00e1s os apetece saber la receta?<\/span><\/div>\n<div><span><br \/><\/span><\/div>\n<div><span><br \/><\/span><\/div>\n<table align=\"center\" cellpadding=\"0\" cellspacing=\"0\">\n<tbody>\n<tr>\n<td><a href=\"http:\/\/1.bp.blogspot.com\/-IZW-N3OfjUo\/ULOsT15YbMI\/AAAAAAAABNg\/0DdZnSIE06Q\/s1600\/Menu+Degustacion+Oto%C3%B1o+-+Invierno+Talaso+Atlantico+-+Restaurante+Faro+(Rias+Baixas)+Galicia.jpg\" imageanchor=\"1\"><img decoding=\"async\" loading=\"lazy\" border=\"0\" height=\"640\" src=\"http:\/\/1.bp.blogspot.com\/-IZW-N3OfjUo\/ULOsT15YbMI\/AAAAAAAABNg\/0DdZnSIE06Q\/s640\/Menu+Degustacion+Oto%C3%B1o+-+Invierno+Talaso+Atlantico+-+Restaurante+Faro+(Rias+Baixas)+Galicia.jpg\" width=\"453\"><\/a><\/td>\n<\/tr>\n<tr>\n<td>Men\u00fa Degustaci\u00f3n de oto\u00f1o e invierno en el Restaurante Faro.<\/td>\n<\/tr>\n<\/tbody>\n<\/table>\n<div><span><br \/><\/span><\/div>\n<div><\/div>\n<div><span><span>+info<\/span><\/span><\/div>\n<p><span><span><\/span><\/p>\n<div><span><span><span><a href=\"http:\/\/www.talasoatlantico.com\/\">Hotel Talaso Atl\u00e1ntico<\/a><\/span><\/span><\/span><\/div>\n<p><span><span><\/p>\n<div><span>talasoatlantico@talasoatlantico.com<\/span><\/div>\n<div><span>986.38.50.90<\/span><\/div>\n<p><\/span><\/span><\/p>\n<div><\/div>\n<div><\/div>\n<p><\/span><\/div>\n","protected":false},"excerpt":{"rendered":"<p>MENU DEGUSTACION DE OTO\u00d1O\u00a0 Este fin de semana comenzamos con un nuevo Men\u00fa Degustaci\u00f3n elaborado por nuestro Jefe de Cocina, Javier Fins, especialmente para esta \u00e9poca del a\u00f1o. La propuesta estar\u00e1 a vuestra disposici\u00f3n a lo largo de este oto\u00f1o e invierno en el Restaurante Faro del hotel. Fue hace un a\u00f1o cuando preparamos el [&hellip;]<\/p>\n","protected":false},"author":2,"featured_media":0,"comment_status":"open","ping_status":"open","sticky":false,"template":"","format":"standard","meta":{"_monsterinsights_skip_tracking":false,"_monsterinsights_sitenote_active":false,"_monsterinsights_sitenote_note":"","_monsterinsights_sitenote_category":0},"categories":[20],"tags":[],"_links":{"self":[{"href":"https:\/\/www.talasoatlantico.com\/blog\/wp-json\/wp\/v2\/posts\/24"}],"collection":[{"href":"https:\/\/www.talasoatlantico.com\/blog\/wp-json\/wp\/v2\/posts"}],"about":[{"href":"https:\/\/www.talasoatlantico.com\/blog\/wp-json\/wp\/v2\/types\/post"}],"author":[{"embeddable":true,"href":"https:\/\/www.talasoatlantico.com\/blog\/wp-json\/wp\/v2\/users\/2"}],"replies":[{"embeddable":true,"href":"https:\/\/www.talasoatlantico.com\/blog\/wp-json\/wp\/v2\/comments?post=24"}],"version-history":[{"count":1,"href":"https:\/\/www.talasoatlantico.com\/blog\/wp-json\/wp\/v2\/posts\/24\/revisions"}],"predecessor-version":[{"id":920,"href":"https:\/\/www.talasoatlantico.com\/blog\/wp-json\/wp\/v2\/posts\/24\/revisions\/920"}],"wp:attachment":[{"href":"https:\/\/www.talasoatlantico.com\/blog\/wp-json\/wp\/v2\/media?parent=24"}],"wp:term":[{"taxonomy":"category","embeddable":true,"href":"https:\/\/www.talasoatlantico.com\/blog\/wp-json\/wp\/v2\/categories?post=24"},{"taxonomy":"post_tag","embeddable":true,"href":"https:\/\/www.talasoatlantico.com\/blog\/wp-json\/wp\/v2\/tags?post=24"}],"curies":[{"name":"wp","href":"https:\/\/api.w.org\/{rel}","templated":true}]}}