{"id":247,"date":"2010-12-20T04:34:00","date_gmt":"2010-12-20T04:34:00","guid":{"rendered":"http:\/\/talasoatlantico.com\/blog\/?p=247"},"modified":"2013-11-21T00:00:52","modified_gmt":"2013-11-21T00:00:52","slug":"imagenes-espia-de-las-nuevas-paginas-de-fans-de-facebook-de-juanmerodio","status":"publish","type":"post","link":"https:\/\/www.talasoatlantico.com\/blog\/imagenes-espia-de-las-nuevas-paginas-de-fans-de-facebook-de-juanmerodio\/","title":{"rendered":"Im\u00e1genes esp\u00eda de las nuevas P\u00e1ginas de Fans de Facebook, de @juanmerodio"},"content":{"rendered":"<p>Copy-paste del art\u00edculo de nuestro amigo @juanmerodio:<\/p>\n<div><\/div>\n<div><span><\/p>\n<h1><a href=\"http:\/\/www.juanmerodio.com\/2010\/imagenes-espia-de-las-nuevas-paginas-de-fans-de-facebook\/\" rel=\"bookmark\" title=\"Im\u00e1genes esp\u00eda de las nuevas P\u00e1ginas de Fans de Facebook\">Im\u00e1genes esp\u00eda de las nuevas P\u00e1ginas de Fans de Facebook<\/a><\/h1>\n<p><\/span><\/div>\n<div><\/div>\n<div><span><\/p>\n<p>Hoy me he levantado con una noticia de mis amigos de <a href=\"http:\/\/twitter.com\/talasoatlantico\" target=\"_blank\">@talasoatlantico<\/a> coment\u00e1ndome que ya hab\u00edan visto c\u00f3mo iba a ser el nuevo dise\u00f1o de las p\u00e1ginas de fans de Facebok, y la verdad que la noticia me sorprendi\u00f3 porque no ten\u00eda ninguna informaci\u00f3n al respecto, pero buscando he encontrado a las 2 de la ma\u00f1ana una captura similar que ha publicado <a href=\"http:\/\/mashable.com\/2010\/12\/16\/facebook-prototype-features\/\" target=\"_blank\">Mashable<\/a>, as\u00ed que me gustar\u00eda compartir con todos vosotros <strong>en exclusiva el nuevo dise\u00f1o de las p\u00e1ginas de fans:<\/strong><\/p>\n<p><a href=\"http:\/\/www.juanmerodio.com\/wp-content\/uploads\/nuevo-diseno-paginafans-facebook.jpg\"><img decoding=\"async\" loading=\"lazy\" title=\"nuevo-diseno-paginafans-facebook\" src=\"http:\/\/www.juanmerodio.com\/wp-content\/uploads\/nuevo-diseno-paginafans-facebook.jpg\" alt=\"nuevo-diseno-paginafans-facebook\" width=\"572\" height=\"335\"><\/a><\/p>\n<\/p>\n<p>\u00bfHas visto los cambios? Los m\u00e1s llamativos son:<\/p>\n<ul>\n<li>Las pesta\u00f1as desaparecen de la parte superior y pasan al lateral<\/li>\n<li>Crean un boton en la parte de arriba junto con el de estado que es \u201cPregunta\u201d <\/li>\n<li>Referente a las notificaciones de las acciones del muro de la pagina de empresa, se realizan como si fuese un perfil personal (comentarios, Me gusta \u2026)<\/li>\n<\/ul>\n<p>\u00bfQu\u00e9 os parece? La verdad es que todav\u00eda no est\u00e1 operativo, de hecho esta captura como pod\u00e9is ver la hicieron mis amigos de <a href=\"http:\/\/www.talasoatlantico.com\/\" target=\"_blank\">Talaso Altl\u00e1ntico<\/a> cuando lo vieron y casi de inmediato al actualizar la p\u00e1gina desapareci\u00f3 volviendo a ver las p\u00e1ginas tal y como las conocemos.<\/p>\n<p>Por esto supongo que est\u00e1n haciendo pruebas para el lanzamiento del nuevo dise\u00f1o unos d\u00edas despu\u00e9s de comunicar el <a href=\"http:\/\/www.juanmerodio.com\/2010\/facebook-lanza-el-nuevo-perfil-para-sus-usuarios\/\">nuevo perfil de usuario de Facebook<\/a> , as\u00ed que por el momento no hay fecha definida.<\/p>\n<p>\u00bfHab\u00e9is tenido la oportunidad de ver en vuestra p\u00e1gina de fans el nuevo dise\u00f1o?<\/p>\n<p><\/span><\/div>\n","protected":false},"excerpt":{"rendered":"<p>Copy-paste del art\u00edculo de nuestro amigo @juanmerodio: Im\u00e1genes esp\u00eda de las nuevas P\u00e1ginas de Fans de Facebook Hoy me he levantado con una noticia de mis amigos de @talasoatlantico coment\u00e1ndome que ya hab\u00edan visto c\u00f3mo iba a ser el nuevo dise\u00f1o de las p\u00e1ginas de fans de Facebok, y la verdad que la noticia me [&hellip;]<\/p>\n","protected":false},"author":2,"featured_media":0,"comment_status":"open","ping_status":"open","sticky":false,"template":"","format":"standard","meta":{"_monsterinsights_skip_tracking":false,"_monsterinsights_sitenote_active":false,"_monsterinsights_sitenote_note":"","_monsterinsights_sitenote_category":0},"categories":[48],"tags":[],"_links":{"self":[{"href":"https:\/\/www.talasoatlantico.com\/blog\/wp-json\/wp\/v2\/posts\/247"}],"collection":[{"href":"https:\/\/www.talasoatlantico.com\/blog\/wp-json\/wp\/v2\/posts"}],"about":[{"href":"https:\/\/www.talasoatlantico.com\/blog\/wp-json\/wp\/v2\/types\/post"}],"author":[{"embeddable":true,"href":"https:\/\/www.talasoatlantico.com\/blog\/wp-json\/wp\/v2\/users\/2"}],"replies":[{"embeddable":true,"href":"https:\/\/www.talasoatlantico.com\/blog\/wp-json\/wp\/v2\/comments?post=247"}],"version-history":[{"count":1,"href":"https:\/\/www.talasoatlantico.com\/blog\/wp-json\/wp\/v2\/posts\/247\/revisions"}],"predecessor-version":[{"id":1040,"href":"https:\/\/www.talasoatlantico.com\/blog\/wp-json\/wp\/v2\/posts\/247\/revisions\/1040"}],"wp:attachment":[{"href":"https:\/\/www.talasoatlantico.com\/blog\/wp-json\/wp\/v2\/media?parent=247"}],"wp:term":[{"taxonomy":"category","embeddable":true,"href":"https:\/\/www.talasoatlantico.com\/blog\/wp-json\/wp\/v2\/categories?post=247"},{"taxonomy":"post_tag","embeddable":true,"href":"https:\/\/www.talasoatlantico.com\/blog\/wp-json\/wp\/v2\/tags?post=247"}],"curies":[{"name":"wp","href":"https:\/\/api.w.org\/{rel}","templated":true}]}}