{"id":255,"date":"2010-12-13T14:39:00","date_gmt":"2010-12-13T14:39:00","guid":{"rendered":"http:\/\/talasoatlantico.com\/blog\/?p=255"},"modified":"2013-11-21T00:02:10","modified_gmt":"2013-11-21T00:02:10","slug":"la-fiesta-escenica-de-oia-tiene-novedades","status":"publish","type":"post","link":"https:\/\/www.talasoatlantico.com\/blog\/la-fiesta-escenica-de-oia-tiene-novedades\/","title":{"rendered":"La Fiesta Esc\u00e9nica de Oia tiene novedades!"},"content":{"rendered":"<div><span><span><span><\/p>\n<div>\n<h1>Circo mi\u00f1orano para el Papa<\/h1>\n<\/div>\n<div><\/div>\n<div>\n<h2><span>La Fiesta Esc\u00e9nica actuar\u00e1 en enero ante el Pont\u00edfice en el Vaticano y ultima su espect\u00e1culo de Navidad y la Cabalgata de Reyes en Vigo<\/span><\/h2>\n<\/div>\n<p><\/span><\/span><\/span><\/div>\n<div><span><span><br \/><\/span><\/span><\/div>\n<div><span><span>Su trayectoria de \u00e9xitos est\u00e1 ampliamente demostrada. La compa\u00f1\u00eda La Fiesta Esc\u00e9nica, afincada en Moug\u00e1s, ha llevado sus inigualables, laboriosos y sorprendentes espect\u00e1culos circenses por toda la geograf\u00eda espa\u00f1ola y europea, pero ahora se enfrenta a su mayor reto: actuar en exclusiva para el Papa Benedicto XVI. Su Circo Acu\u00e1tico, estrenado en Barcelona en 2008, llega a Roma el D\u00eda de Navidad, despu\u00e9s de pasar por varias ciudades europeas, y permanecer\u00e1 en la capital italiana hasta febrero. Los artistas har\u00e1n un par\u00e9ntesis en enero para trasladar toda la escenograf\u00eda al Vaticano. Lo har\u00e1n un d\u00eda por determinar, ya que les comunicar\u00e1n la fecha exacta s\u00f3lo unas jornadas antes por motivos de seguridad.<\/span><\/span><\/div>\n<p><span><span><\/p>\n<div><\/div>\n<div>Y por esos mismos motivos \u00abes m\u00e1s f\u00e1cil llevar todo el circo al Papa que llevar al Papa a ver el circo\u00bb, seg\u00fan explica Abel Mart\u00edn, director art\u00edstico de la compa\u00f1\u00eda, que ya tiene experiencia en espect\u00e1culos ante personajes pr\u00f3ximos a jefaturas de estado. En noviembre de 2009, los Pr\u00edncipes de Asturias llevaron a sus hijas a ver el montaje \u00abGalt\u00fck\u00bb en Madrid. \u00abPara nosotros es un honor que gente tan importante nos valore y quiera vernos\u00bb, explica Mart\u00edn desde una de sus naves en el municipio de Oia, donde los artistas ultiman el Circo de Navidad que se representar\u00e1 en el centro cultural de Caixanova en Vigo los pr\u00f3ximos d\u00edas 28, 29 y 30 de diciembre en seis funciones, dos por jornada.<\/div>\n<div><\/div>\n<div>Mientras las entradas est\u00e1n a punto de agotarse en Servinova, La Fiesta Esc\u00e9nica trabaja intensivamente en la escenograf\u00eda, los personajes y los ensayos de los 43 artistas llegados de todo el mundo para ofrecer \u00abel mayor desaf\u00edo al que nos hemos enfrentado\u00bb, afirma el director. El estreno estar\u00e1 apadrinado por Bernard Paul y su esposa Eliana Larible, propietarios del Circo Roncalli, considerado el mejor del mundo. <\/div>\n<div><\/div>\n<div>Los asistentes se encontrar\u00e1n con la aventura de tres ni\u00f1os vigueses en busca de un regalo que falta en su \u00e1rbol de Navidad. El viaje, durante el que vivir\u00e1n apasionantes episodios con muchas sorpresas, los llevar\u00e1 hasta el Polo Norte, donde se encontrar\u00e1n con siete simp\u00e1ticos ping\u00fcinos gigantes y los osos polares animatr\u00f3nicos de la compa\u00f1\u00eda. <\/div>\n<div><\/div>\n<div>Y por si todo ello fuera poco, la compa\u00f1\u00eda elabora tambi\u00e9n las carrozas que brillar\u00e1n un a\u00f1o m\u00e1s en la Cabalgata de Reyes de Vigo.<\/div>\n<div><\/div>\n<div>FARO DE VIGO &#8211; 13.12.2010 &#8211; <b>N.P. &#8211; OIA<\/b> <\/div>\n<p><\/span><\/span><\/p>\n","protected":false},"excerpt":{"rendered":"<p>Circo mi\u00f1orano para el Papa La Fiesta Esc\u00e9nica actuar\u00e1 en enero ante el Pont\u00edfice en el Vaticano y ultima su espect\u00e1culo de Navidad y la Cabalgata de Reyes en Vigo Su trayectoria de \u00e9xitos est\u00e1 ampliamente demostrada. La compa\u00f1\u00eda La Fiesta Esc\u00e9nica, afincada en Moug\u00e1s, ha llevado sus inigualables, laboriosos y sorprendentes espect\u00e1culos circenses por [&hellip;]<\/p>\n","protected":false},"author":2,"featured_media":0,"comment_status":"open","ping_status":"open","sticky":false,"template":"","format":"standard","meta":{"_monsterinsights_skip_tracking":false,"_monsterinsights_sitenote_active":false,"_monsterinsights_sitenote_note":"","_monsterinsights_sitenote_category":0},"categories":[25],"tags":[],"_links":{"self":[{"href":"https:\/\/www.talasoatlantico.com\/blog\/wp-json\/wp\/v2\/posts\/255"}],"collection":[{"href":"https:\/\/www.talasoatlantico.com\/blog\/wp-json\/wp\/v2\/posts"}],"about":[{"href":"https:\/\/www.talasoatlantico.com\/blog\/wp-json\/wp\/v2\/types\/post"}],"author":[{"embeddable":true,"href":"https:\/\/www.talasoatlantico.com\/blog\/wp-json\/wp\/v2\/users\/2"}],"replies":[{"embeddable":true,"href":"https:\/\/www.talasoatlantico.com\/blog\/wp-json\/wp\/v2\/comments?post=255"}],"version-history":[{"count":1,"href":"https:\/\/www.talasoatlantico.com\/blog\/wp-json\/wp\/v2\/posts\/255\/revisions"}],"predecessor-version":[{"id":1045,"href":"https:\/\/www.talasoatlantico.com\/blog\/wp-json\/wp\/v2\/posts\/255\/revisions\/1045"}],"wp:attachment":[{"href":"https:\/\/www.talasoatlantico.com\/blog\/wp-json\/wp\/v2\/media?parent=255"}],"wp:term":[{"taxonomy":"category","embeddable":true,"href":"https:\/\/www.talasoatlantico.com\/blog\/wp-json\/wp\/v2\/categories?post=255"},{"taxonomy":"post_tag","embeddable":true,"href":"https:\/\/www.talasoatlantico.com\/blog\/wp-json\/wp\/v2\/tags?post=255"}],"curies":[{"name":"wp","href":"https:\/\/api.w.org\/{rel}","templated":true}]}}