{"id":267,"date":"2010-11-21T11:39:00","date_gmt":"2010-11-21T11:39:00","guid":{"rendered":"http:\/\/talasoatlantico.com\/blog\/?p=267"},"modified":"2013-11-21T00:04:53","modified_gmt":"2013-11-21T00:04:53","slug":"o-camino-de-santiago","status":"publish","type":"post","link":"https:\/\/www.talasoatlantico.com\/blog\/o-camino-de-santiago\/","title":{"rendered":"O Cami\u00f1o de Santiago"},"content":{"rendered":"<p><span>Adic\u00e1moslle esta canci\u00f3n a nosa compa\u00f1eira de Guarder\u00eda, Paula, e \u00e1s s\u00faas acolitas que comezan hoxe o Cami\u00f1o de Santiago desde O Cebreiro.<\/span><\/p>\n<div><span><br \/><\/span><\/div>\n<div><span>Estamos seguros que rematar\u00e1 con \u00e9xito a s\u00faa andaina.<\/span><\/div>\n<div><span><br \/><\/span><\/div>\n<div><span>Non vai soa, acomp\u00e1\u00f1anlle no Cami\u00f1o xente amiga de <a href=\"http:\/\/www.talasoatlantico.com\/\">Talaso Atl\u00e1ntico<\/a>. <\/span><\/div>\n<div><span><br \/><\/span><\/div>\n<div><span>Paula, Cristina, F\u00e1tima, Pili, Beli, Pati&#8230;<\/span><\/div>\n<div><span><br \/><\/span><\/div>\n<div><span>BO CAMI\u00d1O!!!!!!<\/span><\/div>\n","protected":false},"excerpt":{"rendered":"<p>Adic\u00e1moslle esta canci\u00f3n a nosa compa\u00f1eira de Guarder\u00eda, Paula, e \u00e1s s\u00faas acolitas que comezan hoxe o Cami\u00f1o de Santiago desde O Cebreiro. Estamos seguros que rematar\u00e1 con \u00e9xito a s\u00faa andaina. Non vai soa, acomp\u00e1\u00f1anlle no Cami\u00f1o xente amiga de Talaso Atl\u00e1ntico. Paula, Cristina, F\u00e1tima, Pili, Beli, Pati&#8230; BO CAMI\u00d1O!!!!!!<\/p>\n","protected":false},"author":2,"featured_media":0,"comment_status":"open","ping_status":"open","sticky":false,"template":"","format":"standard","meta":{"_monsterinsights_skip_tracking":false,"_monsterinsights_sitenote_active":false,"_monsterinsights_sitenote_note":"","_monsterinsights_sitenote_category":0},"categories":[49,48],"tags":[],"_links":{"self":[{"href":"https:\/\/www.talasoatlantico.com\/blog\/wp-json\/wp\/v2\/posts\/267"}],"collection":[{"href":"https:\/\/www.talasoatlantico.com\/blog\/wp-json\/wp\/v2\/posts"}],"about":[{"href":"https:\/\/www.talasoatlantico.com\/blog\/wp-json\/wp\/v2\/types\/post"}],"author":[{"embeddable":true,"href":"https:\/\/www.talasoatlantico.com\/blog\/wp-json\/wp\/v2\/users\/2"}],"replies":[{"embeddable":true,"href":"https:\/\/www.talasoatlantico.com\/blog\/wp-json\/wp\/v2\/comments?post=267"}],"version-history":[{"count":1,"href":"https:\/\/www.talasoatlantico.com\/blog\/wp-json\/wp\/v2\/posts\/267\/revisions"}],"predecessor-version":[{"id":1052,"href":"https:\/\/www.talasoatlantico.com\/blog\/wp-json\/wp\/v2\/posts\/267\/revisions\/1052"}],"wp:attachment":[{"href":"https:\/\/www.talasoatlantico.com\/blog\/wp-json\/wp\/v2\/media?parent=267"}],"wp:term":[{"taxonomy":"category","embeddable":true,"href":"https:\/\/www.talasoatlantico.com\/blog\/wp-json\/wp\/v2\/categories?post=267"},{"taxonomy":"post_tag","embeddable":true,"href":"https:\/\/www.talasoatlantico.com\/blog\/wp-json\/wp\/v2\/tags?post=267"}],"curies":[{"name":"wp","href":"https:\/\/api.w.org\/{rel}","templated":true}]}}