{"id":272,"date":"2010-11-18T06:46:00","date_gmt":"2010-11-18T06:46:00","guid":{"rendered":"http:\/\/talasoatlantico.com\/blog\/?p=272"},"modified":"2013-11-21T00:05:56","modified_gmt":"2013-11-21T00:05:56","slug":"premio-de-la-gala-de-hosteleria-de-pontevedra-a-talaso-atlantico","status":"publish","type":"post","link":"https:\/\/www.talasoatlantico.com\/blog\/premio-de-la-gala-de-hosteleria-de-pontevedra-a-talaso-atlantico\/","title":{"rendered":"Premio de la Gala de Hosteler\u00eda de Pontevedra a Talaso Atl\u00e1ntico"},"content":{"rendered":"<div><span><span>Gala de Hosteler\u00eda de Pontevedra 2010<\/span><\/span><\/div>\n<div><\/div>\n<p><a href=\"http:\/\/4.bp.blogspot.com\/_u_dwr43mzZg\/TOTNySlcP2I\/AAAAAAAAATg\/p3Wh4Q4yM0E\/s1600\/IMG_3498.JPG\"><img decoding=\"async\" src=\"http:\/\/4.bp.blogspot.com\/_u_dwr43mzZg\/TOTNySlcP2I\/AAAAAAAAATg\/p3Wh4Q4yM0E\/s320\/IMG_3498.JPG\" border=\"0\" alt=\"\"><\/a><\/p>\n<div><span><span>Adjuntamos un par de fotos de la Gala de Hosteler\u00eda de Pontevedra, en la que se reconoci\u00f3 la labor de varios compa\u00f1eros de la sector, que colaboran en el mejor desarrollo de la actividad.<\/span><\/span><\/div>\n<div><span><span>La Gala estuvo organizada por la <a href=\"http:\/\/www.feprohos.org\/\">Federaci\u00f3n Provincial de Empresarios de Hosteler\u00eda de Pontevedra<\/a>. <\/span><\/span><\/div>\n<div><span><span><br \/><\/span><\/span><\/div>\n<div><span><span>El hotel <a href=\"http:\/\/www.talasoatlantico.com\/\">Talaso Atl\u00e1ntico<\/a> tuvo el honor de ser uno de los premiados durante el acto, este premio es un reconocimiento a toda la labor de equipo que realiza todo nuestro personal. Pisos, Mantenimiento, Restauraci\u00f3n, Cocina, Recepci\u00f3n de hotel y personal del Centro de Talasoterapia, Administraci\u00f3n, Comercial: FELICIDADES, es vuestro m\u00e9rito.<\/span><\/span><\/div>\n<div><a href=\"http:\/\/3.bp.blogspot.com\/_u_dwr43mzZg\/TOTMtABEo1I\/AAAAAAAAATY\/ugbHUabyqwQ\/s1600\/Mar%252B%25C2%25A1a%2BP%252B%25C2%25AErez%2BTalaso.bmp\"><img decoding=\"async\" src=\"http:\/\/3.bp.blogspot.com\/_u_dwr43mzZg\/TOTMtABEo1I\/AAAAAAAAATY\/ugbHUabyqwQ\/s320\/Mar%252B%25C2%25A1a%2BP%252B%25C2%25AErez%2BTalaso.bmp\" border=\"0\" alt=\"\"><\/a><\/p>\n<div>+ info<\/div>\n<div><\/div>\n<div>t-   986.38.50.90<\/div>\n<div>@- talasoatlantico@talasoatlantico.com<\/div>\n<\/div>\n","protected":false},"excerpt":{"rendered":"<p>Gala de Hosteler\u00eda de Pontevedra 2010 Adjuntamos un par de fotos de la Gala de Hosteler\u00eda de Pontevedra, en la que se reconoci\u00f3 la labor de varios compa\u00f1eros de la sector, que colaboran en el mejor desarrollo de la actividad. La Gala estuvo organizada por la Federaci\u00f3n Provincial de Empresarios de Hosteler\u00eda de Pontevedra. El [&hellip;]<\/p>\n","protected":false},"author":2,"featured_media":0,"comment_status":"open","ping_status":"open","sticky":false,"template":"","format":"standard","meta":{"_monsterinsights_skip_tracking":false,"_monsterinsights_sitenote_active":false,"_monsterinsights_sitenote_note":"","_monsterinsights_sitenote_category":0},"categories":[48],"tags":[],"_links":{"self":[{"href":"https:\/\/www.talasoatlantico.com\/blog\/wp-json\/wp\/v2\/posts\/272"}],"collection":[{"href":"https:\/\/www.talasoatlantico.com\/blog\/wp-json\/wp\/v2\/posts"}],"about":[{"href":"https:\/\/www.talasoatlantico.com\/blog\/wp-json\/wp\/v2\/types\/post"}],"author":[{"embeddable":true,"href":"https:\/\/www.talasoatlantico.com\/blog\/wp-json\/wp\/v2\/users\/2"}],"replies":[{"embeddable":true,"href":"https:\/\/www.talasoatlantico.com\/blog\/wp-json\/wp\/v2\/comments?post=272"}],"version-history":[{"count":1,"href":"https:\/\/www.talasoatlantico.com\/blog\/wp-json\/wp\/v2\/posts\/272\/revisions"}],"predecessor-version":[{"id":1056,"href":"https:\/\/www.talasoatlantico.com\/blog\/wp-json\/wp\/v2\/posts\/272\/revisions\/1056"}],"wp:attachment":[{"href":"https:\/\/www.talasoatlantico.com\/blog\/wp-json\/wp\/v2\/media?parent=272"}],"wp:term":[{"taxonomy":"category","embeddable":true,"href":"https:\/\/www.talasoatlantico.com\/blog\/wp-json\/wp\/v2\/categories?post=272"},{"taxonomy":"post_tag","embeddable":true,"href":"https:\/\/www.talasoatlantico.com\/blog\/wp-json\/wp\/v2\/tags?post=272"}],"curies":[{"name":"wp","href":"https:\/\/api.w.org\/{rel}","templated":true}]}}