{"id":2786,"date":"2022-02-04T18:09:44","date_gmt":"2022-02-04T18:09:44","guid":{"rendered":"https:\/\/www.talasoatlantico.com\/blog\/?p=2786"},"modified":"2022-02-04T18:09:44","modified_gmt":"2022-02-04T18:09:44","slug":"dia-mundial-contra-cancer","status":"publish","type":"post","link":"https:\/\/www.talasoatlantico.com\/blog\/dia-mundial-contra-cancer\/","title":{"rendered":"D\u00eda Mundial contra el C\u00e1ncer"},"content":{"rendered":"<p>El D\u00eda Mundial del C\u00e1ncer es una iniciativa que la Uni\u00f3n Internacional contra el C\u00e1ncer puso en marcha en el a\u00f1o 2000, en colaboraci\u00f3n con la Organizaci\u00f3n Mundial de la Salud y la International Agency for Research on Cancer (IARC), decidiendo establecer el d\u00eda <strong>4 de febrero como el <a href=\"http:\/\/www.worldcancerday.org\">D\u00eda Mundial Contra el C\u00e1ncer<\/a><\/strong>, con el objetivo de aumentar la concienciaci\u00f3n y movilizar a la sociedad para avanzar en la prevenci\u00f3n y tratamiento de esta enfermedad.<\/p>\n<p><img decoding=\"async\" loading=\"lazy\" class=\"aligncenter size-full wp-image-2792\" src=\"https:\/\/www.talasoatlantico.com\/blog\/wp-content\/uploads\/2022\/02\/dia-mundial-contra-el-cancer-2022-lema.jpg\" alt=\"\" width=\"406\" height=\"132\" srcset=\"https:\/\/www.talasoatlantico.com\/blog\/wp-content\/uploads\/2022\/02\/dia-mundial-contra-el-cancer-2022-lema.jpg 406w, https:\/\/www.talasoatlantico.com\/blog\/wp-content\/uploads\/2022\/02\/dia-mundial-contra-el-cancer-2022-lema-300x98.jpg 300w\" sizes=\"(max-width: 406px) 100vw, 406px\" \/><\/p>\n<p>Peri\u00f3dicamente elige un lema diferente para sus campa\u00f1as de concienciaci\u00f3n, haciendo referencia a los distintos aspectos de este grave problema sociosanitario que representa c\u00e1ncer. Para la campa\u00f1a 2022-2024 ha elegido el lema <strong>\u201cPor unos cuidados m\u00e1s justos\u201d<\/strong>, con el objetivo que toda la sociedad comprenda y reconozca las desigualdades en la atenci\u00f3n del c\u00e1ncer en el mundo, tratando de eliminarlas para que todos podamos acceder por igual al tratamiento necesario en cada caso. \u201cLa falta de igualdad afecta a todo el mundo. Puede que le parezca que la brecha de igualdad no le afecta personalmente, pero seguramente afecta a alguien que conoce. Mientras que la desigualdad es mayor en pa\u00edses con ingresos medios y bajos, los pa\u00edses con m\u00e1s recursos tambi\u00e9n muestran una desigualdad notable. Est\u00e1 casi garantizado que la desigualdad le afecta a usted o a gente de su comunidad\u201d.<\/p>\n<p>La Sociedad Espa\u00f1ola de Oncolog\u00eda M\u00e9dica (SEOM) presenta por estas fechas su informe anual <span style=\"font-weight: 400;\">\u00a0<\/span><a href=\"https:\/\/seom.org\/images\/LAS_CIFRAS_DEL_CANCER_EN_ESPANA_2022.pdf\"><span style=\"font-weight: 400;\">\u201cLas cifras del c\u00e1ncer en Espa\u00f1a\u201d<\/span><\/a><span style=\"font-weight: 400;\">.<\/span>\u00a0Estima la incidencia anual en 280.100 nuevos casos, en creciente progresi\u00f3n a\u00f1o tras a\u00f1o. Por lo que respecta a la mortalidad, el c\u00e1ncer es la segunda casa de muerte en nuestro pa\u00eds, representando el 27,6 % de los fallecimientos anuales. Estas cifras globales, son estimaciones, ya que la Red Espa\u00f1ola de Registros de C\u00e1ncer (RDECAN) solo contiene datos de registros poblaciones de nueve provincias y de las comunidades aut\u00f3nomas de Asturias y Murcia. No disponer de un Registro Estatal de C\u00e1ncer &#8211;\u00a0que es una herramienta fundamental para conocer la carga global de la enfermedad-, no permite planificar y abordar las necesidades asistenciales de forma justa y equitativa.<\/p>\n<p><span style=\"font-weight: 400;\">La <\/span><a href=\"https:\/\/www.worldcancerday.org\/es\/por-unos-cuidados-mas-justos\"><span style=\"font-weight: 400;\">UICC<\/span><\/a><span style=\"font-weight: 400;\"> nos se\u00f1ala claramente el camino a seguir:<\/span><\/p>\n<p><img decoding=\"async\" loading=\"lazy\" class=\"aligncenter size-full wp-image-2789\" src=\"https:\/\/www.talasoatlantico.com\/blog\/wp-content\/uploads\/2022\/02\/dia-mundial-contra-el-cancer-2022.jpg\" alt=\"\" width=\"684\" height=\"627\" srcset=\"https:\/\/www.talasoatlantico.com\/blog\/wp-content\/uploads\/2022\/02\/dia-mundial-contra-el-cancer-2022.jpg 684w, https:\/\/www.talasoatlantico.com\/blog\/wp-content\/uploads\/2022\/02\/dia-mundial-contra-el-cancer-2022-300x275.jpg 300w\" sizes=\"(max-width: 684px) 100vw, 684px\" \/><\/p>\n<p><span style=\"font-weight: 400;\">Es necesario cambiar el modelo de abordar esta patolog\u00eda, que centra pr\u00e1cticamente todos sus esfuerzos en el tratamiento de la enfermedad, olvidando otros aspectos fundamentales, como son la prevenci\u00f3n\u00a0 (siempre es mejor y m\u00e1s econ\u00f3mico prevenir que curar), y un adecuado proceso de cuidados que tenga en cuenta todas las necesidades asistenciales de la persona afectada. Estas necesidades van m\u00e1s all\u00e1 de acceder a los mejores tratamientos posibles, <\/span><b>acceso deber\u00eda de producirse de forma justa y equitativa para todos<\/b><span style=\"font-weight: 400;\">, independientemente del lugar de residencia, estrato social y\/o situaci\u00f3n econ\u00f3mica.\u00a0 <\/span><\/p>\n<p><img decoding=\"async\" loading=\"lazy\" class=\"aligncenter size-full wp-image-2788\" src=\"https:\/\/www.talasoatlantico.com\/blog\/wp-content\/uploads\/2022\/02\/dia-mundial-contra-el-cancer-2022-2.jpg\" alt=\"\" width=\"633\" height=\"365\" srcset=\"https:\/\/www.talasoatlantico.com\/blog\/wp-content\/uploads\/2022\/02\/dia-mundial-contra-el-cancer-2022-2.jpg 633w, https:\/\/www.talasoatlantico.com\/blog\/wp-content\/uploads\/2022\/02\/dia-mundial-contra-el-cancer-2022-2-300x173.jpg 300w\" sizes=\"(max-width: 633px) 100vw, 633px\" \/><\/p>\n<p>Para intentar analizar y dar respuesta a esas necesidades asistenciales, desde el a\u00f1o 2010, organizamos en colaboraci\u00f3n con la catedr\u00e1tica de la Universidad de Santiago de Compostela, Lourdes V\u00e1zquez Od\u00e9riz. un Curso de Verano, el \u00faltimo de ellos en 2019, interrumpido los dos \u00faltimos veranos por motivo de la pandemia,\u00a0pero que este a\u00f1o hemos retomado, y que salvo incidencias tendr\u00e1 lugar en nuestras instalaciones, los pr\u00f3ximos d\u00edas 18-21 de Julio 2022.<\/p>\n<p><img decoding=\"async\" loading=\"lazy\" class=\"aligncenter size-full wp-image-2790\" src=\"https:\/\/www.talasoatlantico.com\/blog\/wp-content\/uploads\/2022\/02\/curso-verano.jpg\" alt=\"\" width=\"639\" height=\"371\" srcset=\"https:\/\/www.talasoatlantico.com\/blog\/wp-content\/uploads\/2022\/02\/curso-verano.jpg 639w, https:\/\/www.talasoatlantico.com\/blog\/wp-content\/uploads\/2022\/02\/curso-verano-300x174.jpg 300w\" sizes=\"(max-width: 639px) 100vw, 639px\" \/><\/p>\n<p><span style=\"font-weight: 400;\">Este Curso forma parte de las actividades divulgativas de nuestra Escuela de Salud y Bienestar, y del <\/span><b>Programa de Cuidados Integrales a personas afectadas por C\u00e1ncer<\/b><span style=\"font-weight: 400;\">, que ofrecemos en nuestro Centro de Talasoterapia todo el a\u00f1o, m\u00e1s all\u00e1 del D\u00eda mundial contra el c\u00e1ncer.\u00a0<\/span><\/p>\n<p><span style=\"font-weight: 400;\">4 de febrero de 2022<\/span><\/p>\n<p><span style=\"font-weight: 400;\">Salvador Ramos Rey. Director M\u00e9dico<\/span><\/p>\n","protected":false},"excerpt":{"rendered":"<p>El D\u00eda Mundial del C\u00e1ncer es una iniciativa que la Uni\u00f3n Internacional contra el C\u00e1ncer puso en marcha en el a\u00f1o 2000, en colaboraci\u00f3n con la Organizaci\u00f3n Mundial de la Salud y la International Agency for Research on Cancer (IARC), decidiendo establecer el d\u00eda 4 de febrero como el D\u00eda Mundial Contra el C\u00e1ncer, con [&hellip;]<\/p>\n","protected":false},"author":2,"featured_media":0,"comment_status":"open","ping_status":"open","sticky":false,"template":"","format":"standard","meta":{"_monsterinsights_skip_tracking":false,"_monsterinsights_sitenote_active":false,"_monsterinsights_sitenote_note":"","_monsterinsights_sitenote_category":0},"categories":[10],"tags":[],"_links":{"self":[{"href":"https:\/\/www.talasoatlantico.com\/blog\/wp-json\/wp\/v2\/posts\/2786"}],"collection":[{"href":"https:\/\/www.talasoatlantico.com\/blog\/wp-json\/wp\/v2\/posts"}],"about":[{"href":"https:\/\/www.talasoatlantico.com\/blog\/wp-json\/wp\/v2\/types\/post"}],"author":[{"embeddable":true,"href":"https:\/\/www.talasoatlantico.com\/blog\/wp-json\/wp\/v2\/users\/2"}],"replies":[{"embeddable":true,"href":"https:\/\/www.talasoatlantico.com\/blog\/wp-json\/wp\/v2\/comments?post=2786"}],"version-history":[{"count":2,"href":"https:\/\/www.talasoatlantico.com\/blog\/wp-json\/wp\/v2\/posts\/2786\/revisions"}],"predecessor-version":[{"id":2793,"href":"https:\/\/www.talasoatlantico.com\/blog\/wp-json\/wp\/v2\/posts\/2786\/revisions\/2793"}],"wp:attachment":[{"href":"https:\/\/www.talasoatlantico.com\/blog\/wp-json\/wp\/v2\/media?parent=2786"}],"wp:term":[{"taxonomy":"category","embeddable":true,"href":"https:\/\/www.talasoatlantico.com\/blog\/wp-json\/wp\/v2\/categories?post=2786"},{"taxonomy":"post_tag","embeddable":true,"href":"https:\/\/www.talasoatlantico.com\/blog\/wp-json\/wp\/v2\/tags?post=2786"}],"curies":[{"name":"wp","href":"https:\/\/api.w.org\/{rel}","templated":true}]}}