{"id":279,"date":"2010-11-12T11:45:00","date_gmt":"2010-11-12T11:45:00","guid":{"rendered":"http:\/\/talasoatlantico.com\/blog\/?p=279"},"modified":"2013-11-21T00:07:11","modified_gmt":"2013-11-21T00:07:11","slug":"magosto-matanzas-castanas-e-vino","status":"publish","type":"post","link":"https:\/\/www.talasoatlantico.com\/blog\/magosto-matanzas-castanas-e-vino\/","title":{"rendered":"Magosto, matanzas, casta\u00f1as e vi\u00f1o"},"content":{"rendered":"<p><span><span>En estos d\u00edas de San Marti\u00f1o, en Galicia huele a magosto, pero tambi\u00e9n a matanza y a <i>vi\u00f1o novo<\/i>.<\/span><\/span><\/p>\n<div><span><span><br \/><\/span><\/span><\/div>\n<div><span><span>A <a href=\"http:\/\/www.talasoatlantico.com\/\">Talaso Atl\u00e1ntico<\/a> le viene a la mente esta hist\u00f3rica canci\u00f3n de Os Resentidos:<\/span><\/span><\/div>\n<div><span><br \/><\/span><\/div>\n<div>\n<div><\/div>\n<p><span><\/p>\n<div><\/div>\n<p><\/span><\/div>\n<div><span><br \/><\/span><\/div>\n<div><span><br \/><\/span><\/div>\n<div><span>LETRA:<\/span><\/div>\n<div><span><span><br \/><\/span><\/span><\/div>\n<div>\n<div><span>Fai un sol de carallo. <\/span><\/div>\n<div><span>Con isto da movida haiche moito ye-y\u00e9 que, de noite e de d\u00eda, usa jafas de sol: \u00a1Fai un sol de carallo! <\/span><\/div>\n<div><span><span><br \/><\/span><\/span><\/div>\n<div>A matanza do porco <\/div>\n<div>A matanza do porco.- A berra e un conxunto de berros dun porco cando o van matar. <\/div>\n<div>San Marti\u00f1o oficial de Monforte \u00f3 Nepal, o magosto para agosto, safaris do porco, <\/div>\n<div>filloas de sangue, Galicia embutida: \u00a1Fai un sol de carallo!, \u00a1Galicia can\u00edbal! <\/div>\n<div><span><span><br \/><\/span><\/span><\/div>\n<p><span><\/p>\n<div><span>Etiop\u00eda ten fame <\/span><\/div>\n<p><\/span><span><\/p>\n<div><span>Etiop\u00eda ten fame.- Un parado occidental sost\u00e9n un filete. <\/span><\/div>\n<p><\/span><span><\/p>\n<div><span>Un negro deitado, o negro non lle chega, arrastra o bandullo. <\/span><\/div>\n<p><\/span><span><\/p>\n<div><span>O parado occidental sost\u00e9n o filete; o parado altivo, o negro non lle chega. <\/span><\/div>\n<p><\/span><span><\/p>\n<div><span>Doa os teus riles: un ril \u00e1 merenda. Doa os teus riles: outro ril \u00e1 cea.<\/span><\/div>\n<div><span><br \/><\/span><\/div>\n<div><span>@talasoatlantico<\/span><\/div>\n<p><\/span><\/div>\n","protected":false},"excerpt":{"rendered":"<p>En estos d\u00edas de San Marti\u00f1o, en Galicia huele a magosto, pero tambi\u00e9n a matanza y a vi\u00f1o novo. A Talaso Atl\u00e1ntico le viene a la mente esta hist\u00f3rica canci\u00f3n de Os Resentidos: LETRA: Fai un sol de carallo. Con isto da movida haiche moito ye-y\u00e9 que, de noite e de d\u00eda, usa jafas de [&hellip;]<\/p>\n","protected":false},"author":2,"featured_media":0,"comment_status":"open","ping_status":"open","sticky":false,"template":"","format":"standard","meta":{"_monsterinsights_skip_tracking":false,"_monsterinsights_sitenote_active":false,"_monsterinsights_sitenote_note":"","_monsterinsights_sitenote_category":0},"categories":[49],"tags":[],"_links":{"self":[{"href":"https:\/\/www.talasoatlantico.com\/blog\/wp-json\/wp\/v2\/posts\/279"}],"collection":[{"href":"https:\/\/www.talasoatlantico.com\/blog\/wp-json\/wp\/v2\/posts"}],"about":[{"href":"https:\/\/www.talasoatlantico.com\/blog\/wp-json\/wp\/v2\/types\/post"}],"author":[{"embeddable":true,"href":"https:\/\/www.talasoatlantico.com\/blog\/wp-json\/wp\/v2\/users\/2"}],"replies":[{"embeddable":true,"href":"https:\/\/www.talasoatlantico.com\/blog\/wp-json\/wp\/v2\/comments?post=279"}],"version-history":[{"count":1,"href":"https:\/\/www.talasoatlantico.com\/blog\/wp-json\/wp\/v2\/posts\/279\/revisions"}],"predecessor-version":[{"id":1062,"href":"https:\/\/www.talasoatlantico.com\/blog\/wp-json\/wp\/v2\/posts\/279\/revisions\/1062"}],"wp:attachment":[{"href":"https:\/\/www.talasoatlantico.com\/blog\/wp-json\/wp\/v2\/media?parent=279"}],"wp:term":[{"taxonomy":"category","embeddable":true,"href":"https:\/\/www.talasoatlantico.com\/blog\/wp-json\/wp\/v2\/categories?post=279"},{"taxonomy":"post_tag","embeddable":true,"href":"https:\/\/www.talasoatlantico.com\/blog\/wp-json\/wp\/v2\/tags?post=279"}],"curies":[{"name":"wp","href":"https:\/\/api.w.org\/{rel}","templated":true}]}}