{"id":28,"date":"2012-10-25T09:30:00","date_gmt":"2012-10-25T09:30:00","guid":{"rendered":"http:\/\/talasoatlantico.com\/blog\/?p=28"},"modified":"2012-10-25T09:30:00","modified_gmt":"2012-10-25T09:30:00","slug":"faro-silleiro-cumple-150-anos","status":"publish","type":"post","link":"https:\/\/www.talasoatlantico.com\/blog\/faro-silleiro-cumple-150-anos\/","title":{"rendered":"Faro Silleiro cumple 150 a\u00f1os"},"content":{"rendered":"<div dir=\"ltr\" trbidi=\"on\">\n<div><\/div>\n<p><\/p>\n<table align=\"center\" cellpadding=\"0\" cellspacing=\"0\">\n<tbody>\n<tr>\n<td><a href=\"http:\/\/2.bp.blogspot.com\/-LqgwNinhp3c\/UIV38KEVh8I\/AAAAAAAABJk\/6OemoGo2h6I\/s1600\/IMAG0614.jpg\" imageanchor=\"1\"><img decoding=\"async\" loading=\"lazy\" border=\"0\" height=\"300\" src=\"http:\/\/2.bp.blogspot.com\/-LqgwNinhp3c\/UIV38KEVh8I\/AAAAAAAABJk\/6OemoGo2h6I\/s400\/IMAG0614.jpg\" width=\"400\"><\/a><\/td>\n<\/tr>\n<tr>\n<td><span>Vistas del Faro Silleiro desde la carretera que une Baiona y Oia<\/span><\/td>\n<\/tr>\n<\/tbody>\n<\/table>\n<p><\/p>\n<div><span>Faro de Vigo Informaba en el peri\u00f3dico del 21 de octubre del <b>150 aniversario de la inauguraci\u00f3n del Faro de cabo Silleiro<\/b>. Adjuntamos enlace de la noticia <\/span><a href=\"http:\/\/www.farodevigo.es\/gran-vigo\/2012\/10\/21\/150-anos-faro-silleiro\/700081.html\" target=\"_blank\">aqu\u00ed<\/a><span>.<\/span><\/div>\n<div><span><br \/><\/span><\/div>\n<div>\n<div><span>Un icono de la zona, y del hotel, desde el que podemos disfrutar de unas espectaculares vistas del oc\u00e9ano Atl\u00e1ntico. Por la noche, el haz de luz que dibuja se aprecia perfectamente desde varios rincones y habitaciones del hotel, siendo un momento especial ya que se crea una atm\u00f3sfera m\u00e1gica.<\/span><\/div>\n<div><span><br \/><\/span><\/div>\n<div><span>Tanto en los d\u00edas soleados con el mar como un plato, o los d\u00edas de tormenta con mar de foto, es un lugar impresionante. Adem\u00e1s, el hecho de contar con una bater\u00eda militar con los ca\u00f1ones en desuso, le da una imagen muy particular y \u00fanica en la geograf\u00eda gallega.\u00a0<\/span><\/div>\n<div><span><br \/><\/span><\/div>\n<div><span>Enlaces de inter\u00e9s:<\/span><\/div>\n<div><span><br \/><\/span><\/div>\n<div><span><a href=\"http:\/\/www.hoteltalaso.com\/2011\/08\/video-de-cabo-silleiro.html\" target=\"_blank\">V\u00eddeo de cabo Silleiro<\/a><\/span><\/div>\n<div>\n<div><a href=\"http:\/\/www.hoteltalaso.com\/2010\/04\/senderismo.html\" target=\"_blank\">Ruta de senderismo desde el hotel Talaso Atl\u00e1ntico<\/a><span>\u00a0<\/span><\/div>\n<div><\/div>\n<div><\/div>\n<div><\/div>\n<\/div>\n<\/div>\n<\/div>\n","protected":false},"excerpt":{"rendered":"<p>Vistas del Faro Silleiro desde la carretera que une Baiona y Oia Faro de Vigo Informaba en el peri\u00f3dico del 21 de octubre del 150 aniversario de la inauguraci\u00f3n del Faro de cabo Silleiro. Adjuntamos enlace de la noticia aqu\u00ed. Un icono de la zona, y del hotel, desde el que podemos disfrutar de unas [&hellip;]<\/p>\n","protected":false},"author":2,"featured_media":0,"comment_status":"open","ping_status":"open","sticky":false,"template":"","format":"standard","meta":{"_monsterinsights_skip_tracking":false,"_monsterinsights_sitenote_active":false,"_monsterinsights_sitenote_note":"","_monsterinsights_sitenote_category":0},"categories":[25,9],"tags":[],"_links":{"self":[{"href":"https:\/\/www.talasoatlantico.com\/blog\/wp-json\/wp\/v2\/posts\/28"}],"collection":[{"href":"https:\/\/www.talasoatlantico.com\/blog\/wp-json\/wp\/v2\/posts"}],"about":[{"href":"https:\/\/www.talasoatlantico.com\/blog\/wp-json\/wp\/v2\/types\/post"}],"author":[{"embeddable":true,"href":"https:\/\/www.talasoatlantico.com\/blog\/wp-json\/wp\/v2\/users\/2"}],"replies":[{"embeddable":true,"href":"https:\/\/www.talasoatlantico.com\/blog\/wp-json\/wp\/v2\/comments?post=28"}],"version-history":[{"count":0,"href":"https:\/\/www.talasoatlantico.com\/blog\/wp-json\/wp\/v2\/posts\/28\/revisions"}],"wp:attachment":[{"href":"https:\/\/www.talasoatlantico.com\/blog\/wp-json\/wp\/v2\/media?parent=28"}],"wp:term":[{"taxonomy":"category","embeddable":true,"href":"https:\/\/www.talasoatlantico.com\/blog\/wp-json\/wp\/v2\/categories?post=28"},{"taxonomy":"post_tag","embeddable":true,"href":"https:\/\/www.talasoatlantico.com\/blog\/wp-json\/wp\/v2\/tags?post=28"}],"curies":[{"name":"wp","href":"https:\/\/api.w.org\/{rel}","templated":true}]}}