{"id":283,"date":"2010-11-10T19:47:00","date_gmt":"2010-11-10T19:47:00","guid":{"rendered":"http:\/\/talasoatlantico.com\/blog\/?p=283"},"modified":"2013-11-21T00:08:16","modified_gmt":"2013-11-21T00:08:16","slug":"receta-mini-ensalada-de-percede-y-almeja-con-espuma-de-cava","status":"publish","type":"post","link":"https:\/\/www.talasoatlantico.com\/blog\/receta-mini-ensalada-de-percede-y-almeja-con-espuma-de-cava\/","title":{"rendered":"Receta Mini-Ensalada de percede y almeja con espuma de cava"},"content":{"rendered":"<p><a href=\"http:\/\/1.bp.blogspot.com\/_u_dwr43mzZg\/TNr4LD98EzI\/AAAAAAAAATA\/rEzkaxCQDEY\/s1600\/receta%2Btalaso%2Batlantico%2Bgalicia.jpg\"><img decoding=\"async\" src=\"http:\/\/1.bp.blogspot.com\/_u_dwr43mzZg\/TNr4LD98EzI\/AAAAAAAAATA\/rEzkaxCQDEY\/s320\/receta%2Btalaso%2Batlantico%2Bgalicia.jpg\" border=\"0\" alt=\"\"><\/a><\/p>\n<div><\/div>\n<div>\n<p><b><span><span>RECETA MINI-ENSALADA DE PERCEBE Y ALMEJA CON ESPUMA DE CAVA<\/p>\n<p><\/span><\/span><\/b><\/p>\n<p><b><span><span>(de Javier Fins Seoane &#8211; Jefe de Cocina del <a href=\"http:\/\/www.talasoatlantico.com\/\">hotel TALASO ATLANTICO<\/a>)<\/span><\/span><\/b><\/p>\n<p><b><span><span>INGREDIENTES:<\/p>\n<p><\/span><\/span><\/b><\/p>\n<\/p><\/div>\n<p>  <span><span>  <\/span><\/span><span>  <\/span><\/p>\n<div>\n<p><span><span><span>5 percebes<\/p>\n<p><\/span><\/span><\/span><\/p>\n<p><span><span><span>5 almejas tipo babosa<\/p>\n<p><\/span><\/span><\/span><\/p>\n<p><span><span><span>Lechugas variadas (M\u00e9zclum)<\/p>\n<p><\/span><\/span><\/span><\/p>\n<p><span><span><span>1 dl. De Cava<\/p>\n<p><\/span><\/span><\/span><\/p>\n<p><span><span><span>Crema de M\u00f3dena<\/p>\n<p><\/span><\/span><\/span><\/p>\n<p><span><span><span>\u00bd hoja Gelatina (colas de pescado)<\/p>\n<p><\/span><\/span><\/span><\/p>\n<p><span><span><span>Cebollino<\/p>\n<p><\/span><\/span><\/span><\/p>\n<p><span><span><span>Aceite de oliva Virgen<\/p>\n<p><\/span><\/span><\/span><\/p>\n<p><span><span><span>Peregil<\/p>\n<p><\/span><\/span><\/span><\/p>\n<p><span><span><span>Sal<\/p>\n<p><\/span><\/span><\/span><\/p>\n<\/p><\/div>\n<p>  <span><span>  <\/span><\/span><span>  <\/span><\/p>\n<p><span><\/p>\n<p><span> <\/span><\/p>\n<p><\/span><\/p>\n<p><b><span><span><span>ELABORACION:<\/p>\n<p><\/span><\/span><\/span><\/b><\/p>\n<p><i><span><span><span>Para el percebe y almeja:  <\/p>\n<p><\/span><\/span><\/span><\/i><\/p>\n<p><span><span><span>Cocer ambos durante un minuto a partir del agua hirviendo. Reservar en la nevera.<\/p>\n<p><\/span><\/span><\/span><\/p>\n<p><i><span><span><span>Para la lechuga: <\/p>\n<p><\/span><\/span><\/span><\/i><\/p>\n<p><span><span><span>Lavamos las lechugas y mezclamos las diferentes variedades. Reservamos.<\/p>\n<p><\/span><\/span><\/span><\/p>\n<p><i><span><span><span>Para la espuma de cava:<\/p>\n<p><\/span><\/span><\/span><\/i><\/p>\n<p><span><span><span>Hervir el cava en un cazo hasta que se evapore el alcohol. Hidratamos la gelatina en agua fr\u00eda y la a\u00f1adimos al cava en caliente. Vertemos la mezcla en un sif\u00f3n y a\u00f1adimos una carga de gas.<\/p>\n<p><\/span><\/span><\/span><\/p>\n<p><i><span><span><span>Para el aceite de perejil:<\/p>\n<p><\/span><\/span><\/span><\/i><\/p>\n<p><span><span><span>Triturar en aceite junto con el perejil. Las cantidades depender\u00e1n de grado de color verde que queremos alcanzar. Cuanta m\u00e1s cantidad de perejil mayor color conseguiremos.<\/p>\n<p><\/span><\/span><\/span><\/p>\n<p><i><span><span><span>Para el cebollino: <\/p>\n<p><\/span><\/span><\/span><\/i><\/p>\n<p><span><span><span>Cortamos un cebollino a la mitad.<\/p>\n<p><\/span><\/span><\/span><\/p>\n<p><i><span><span><span>Emplatado: <\/p>\n<p><\/span><\/span><\/span><\/i><\/p>\n<p><span><span><span>Gui\u00e1ndonos por la fotograf\u00eda o en su defecto al gusto del consumidor.<\/span><\/span><span><\/p>\n<p><\/span><\/span><\/p>\n<p><span><span><span><br \/><\/span><\/span><\/span><\/p>\n<p><span><\/p>\n<p><span> <\/span><\/p>\n<p><\/span><\/p>\n<p><span><span><span>Restaurante FARO \u2013 Hotel TALASO ATLANTICO<\/p>\n<p><\/span><\/span><\/span><\/p>\n<p><span><span><span>As Mari\u00f1as \u2013 Moug\u00e1s \u2013 36309 \u2013 Oia (Pontevedra)<\/p>\n<p><\/span><\/span><\/span><\/p>\n<p><span><span><span>T- 986.38.50.90<\/p>\n<p><\/span><\/span><\/span><\/p>\n<p><span><span><span>@- talasoatlantico@talasoatlantico.com<\/span><\/span><\/span><\/p>\n<div><span><br \/><\/span><\/div>\n<div><span><span><span>Receta publicada en el libro \u00abLas recetas de nuestros Restaurantes\u00bb por Pepe Cadavedo en Septiembre de 2010<\/span><\/span><\/span><\/div>\n","protected":false},"excerpt":{"rendered":"<p>RECETA MINI-ENSALADA DE PERCEBE Y ALMEJA CON ESPUMA DE CAVA (de Javier Fins Seoane &#8211; Jefe de Cocina del hotel TALASO ATLANTICO) INGREDIENTES: 5 percebes 5 almejas tipo babosa Lechugas variadas (M\u00e9zclum) 1 dl. De Cava Crema de M\u00f3dena \u00bd hoja Gelatina (colas de pescado) Cebollino Aceite de oliva Virgen Peregil Sal ELABORACION: Para el [&hellip;]<\/p>\n","protected":false},"author":2,"featured_media":0,"comment_status":"open","ping_status":"open","sticky":false,"template":"","format":"standard","meta":{"_monsterinsights_skip_tracking":false,"_monsterinsights_sitenote_active":false,"_monsterinsights_sitenote_note":"","_monsterinsights_sitenote_category":0},"categories":[20],"tags":[],"_links":{"self":[{"href":"https:\/\/www.talasoatlantico.com\/blog\/wp-json\/wp\/v2\/posts\/283"}],"collection":[{"href":"https:\/\/www.talasoatlantico.com\/blog\/wp-json\/wp\/v2\/posts"}],"about":[{"href":"https:\/\/www.talasoatlantico.com\/blog\/wp-json\/wp\/v2\/types\/post"}],"author":[{"embeddable":true,"href":"https:\/\/www.talasoatlantico.com\/blog\/wp-json\/wp\/v2\/users\/2"}],"replies":[{"embeddable":true,"href":"https:\/\/www.talasoatlantico.com\/blog\/wp-json\/wp\/v2\/comments?post=283"}],"version-history":[{"count":1,"href":"https:\/\/www.talasoatlantico.com\/blog\/wp-json\/wp\/v2\/posts\/283\/revisions"}],"predecessor-version":[{"id":1066,"href":"https:\/\/www.talasoatlantico.com\/blog\/wp-json\/wp\/v2\/posts\/283\/revisions\/1066"}],"wp:attachment":[{"href":"https:\/\/www.talasoatlantico.com\/blog\/wp-json\/wp\/v2\/media?parent=283"}],"wp:term":[{"taxonomy":"category","embeddable":true,"href":"https:\/\/www.talasoatlantico.com\/blog\/wp-json\/wp\/v2\/categories?post=283"},{"taxonomy":"post_tag","embeddable":true,"href":"https:\/\/www.talasoatlantico.com\/blog\/wp-json\/wp\/v2\/tags?post=283"}],"curies":[{"name":"wp","href":"https:\/\/api.w.org\/{rel}","templated":true}]}}