{"id":291,"date":"2010-11-01T04:27:00","date_gmt":"2010-11-01T04:27:00","guid":{"rendered":"http:\/\/talasoatlantico.com\/blog\/?p=291"},"modified":"2013-11-21T00:09:50","modified_gmt":"2013-11-21T00:09:50","slug":"ruta-de-las-cetareas-a-guarda","status":"publish","type":"post","link":"https:\/\/www.talasoatlantico.com\/blog\/ruta-de-las-cetareas-a-guarda\/","title":{"rendered":"Ruta de las cetareas &#8211; A Guarda"},"content":{"rendered":"<p><a href=\"http:\/\/2.bp.blogspot.com\/_u_dwr43mzZg\/TM5CpY9UEXI\/AAAAAAAAASU\/bOlbuu61KiQ\/s1600\/ruta+cetareas+a+guarda.jpg\"><img decoding=\"async\" src=\"http:\/\/2.bp.blogspot.com\/_u_dwr43mzZg\/TM5CpY9UEXI\/AAAAAAAAASU\/bOlbuu61KiQ\/s320\/ruta+cetareas+a+guarda.jpg\" border=\"0\" alt=\"\"><\/a><\/p>\n<p align=\"left\"><span><span><b>La Ruta das Cet\u00e1reas de A Guarda ya es una realidad<\/p>\n<p><\/b><\/span><\/span><\/p>\n<p align=\"left\"><span><span><b><br \/><\/b><\/span><\/span><\/p>\n<p align=\"left\"><span><span>Inaugurada ayer, se espera que fomente el turismo y revalorice el valor patrimonial<\/p>\n<p><\/span><\/span><\/p>\n<p><span><span>La directora xeral de Desenvolvemento Pesqueiro, Susana Rodr\u00edguez Carballo, y el director de Estruturas e Mercados da Pesca, Juan Maneiro, junto con el alcalde de A Guarda, Jos\u00e9 Manuel Dom\u00ednguez Freitas, y el patr\u00f3n mayor de la Cofrad\u00eda de Pescadores Santa Tecla, inauguraron ayer la Ruta das Cet\u00e1reas con un acto que se desarroll\u00f3 en el Museo del Mar de la Atalaia, debido a las inclemencias del tiempo.<\/span><\/span><\/p>\n<p align=\"left\"><span><span>Ante el mal tiempo, los asistentes se acercaron s\u00f3lo a una de las cet\u00e9reas m\u00e1s al norte.<\/p>\n<p><\/span><\/span><\/p>\n<p><span><span>Por parte de la Cofrad\u00eda de Pescadores, se explic\u00f3 que la ruta \u2018forma parte de un proyecto m\u00e1s amplio, que fue posible llevar a cabo gracias a una ayuda de la Direcci\u00f3n Xeral de Desenvolvemento Pesqueiro para la realizaci\u00f3n de proyectos de promoci\u00f3n sociocultural y divulgaci\u00f3n de las comunidades marineras\u2019, pero tambi\u00e9n porque contaron con otra colaboraciones, como la de la Fundaci\u00f3n La Caixa, representada en el acto por el director de la oficina de A Guarda, Fernando Fern\u00e1ndez, y el ayuntamiento \u2018que nos apoy\u00f3 y asesor\u00f3 durante todas y desde las primeras fases del proyecto\u2019. La Ruta de las Cet\u00e1reas fue dise\u00f1ada con la doble finalidad de poner en valor cuatro antiguas cet\u00e1reas construidas en roca viva que constituyen un valioso patrimonio mar\u00edtimo y cultural, para contribuir a su difusi\u00f3n y conservaci\u00f3n. Por otra parte, la ruta se pens\u00f3 como escenario perfecto para llevar a cabo actividades de turismo mar\u00edtimo, donde los propios profesionales del mar, percebeiros, pescadores y redeiras, puedan difundir y promocionar su profesi\u00f3n, mostrando parte de su rico patrimonio. Francisco P\u00e9rez, patr\u00f3n mayor, record\u00f3 su esceptismo cuando desde el ayuntamiento propusieron a la Cofrad\u00eda involucrarse \u2018en esta historia, en la que inicialmente no cre\u00eda y desconfiaba de ella al haber dinero por medio, pues la Cofrad\u00eda no dispon\u00eda de fondos para esta iniciativa\u2019, pero se informaron y supieron que pod\u00edan acudir a subvenciones de modo que \u2018sabiendo que la cofrad\u00eda no tendr\u00eda que aportar ni un duro, no dudamos en apoyar el proyecto\u2019. La directora xeral de Desenvolvemento Pesqueiro, Susana Rodr\u00edguez Carballo, transmiti\u00f3 a la Cofrad\u00eda y al Concello la enhorabuena. \u2018La importancia que se le tiene que dar al patrimonio\u2019, se\u00f1al\u00f3, \u2018tiene que basarse en lo que son nuestras ra\u00edces, y esto nos dar\u00e1 la fuerza para continuar con los trabajos en los que estamos, sabiendo que aqu\u00ed han\u00eda una actividad muy ligada al mar, y que ahora la vamos a poder mantener viva, porque que los ni\u00f1os, y la gente que os visita pueda hacer este recorrido tendr\u00e1 en cuenta a aquellos que viven de este sector valorando su trabajo y el esfuerzo diario\u2019. La cofrad\u00eda de Pescadores entreg\u00f3 sendos obsequios a la a directora xeral, al alcalde de A Guarda y al director de La Caixa.<\/p>\n<p><\/span><\/span><\/p>\n<\/p>\n<div><span><span><span><br \/><\/span><\/span><\/span><\/div>\n<div><span><span><span><br \/><\/span><\/span><\/span><\/div>\n<p>  <span><\/p>\n<div><span><\/p>\n<p><span><span>Una v\u00eda de cuatro kil\u00f3metros , pero sin dificultad<\/span><\/span><\/p>\n<p><\/span><\/div>\n<p> <\/span><span><\/p>\n<div><span><\/p>\n<p><span><span><span>El alcalde de A Guarda, Jos\u00e9 Manuel Dom\u00ednguez Freitas, justific\u00f3 que, por las inclemencias del tiempo este acto no se celebrase, como estaba previsto, en la misma Ruta das Cet\u00e1reas, aunque el marco que lo acog\u00eda no desmerec\u00eda y tambi\u00e9n esta en el itinerario de la Ruta que, explic\u00f3 \u2018arranca no Grelo y finaliza en las inmediaciones de Laxe de Can\u2019 un hermoso recorrido, a\u00f1adi\u00f3, de algo m\u00e1s de cuatro kil\u00f3metros sin dificultad que se puede realizar en menos de una hora. En otro momento se\u00f1al\u00f3 que esta ruta se completa \u2018con la finalizaci\u00f3n de las obras que el ayuntamiento, con fondos europeos conseguidos a trav\u00e9s del Grupo de Acci\u00f3n Costera, acaba de realizar en la cet\u00e1rea conocida como a Redonda o de Don Pepe Sobrino\u2019, mejorando el acceso a la misma y retirando de su interior los restos que ten\u00eda, conserv\u00e1ndose los compartimentos que posee. Con estas actuaciones, dijo Dom\u00ednguez Freitas, \u2018el patrimonio guard\u00e9s est\u00e1 m\u00e1s preservado y se ofrece para el disfrute de los guardeses y visitantes\u2019, constituyendo las obras que se inauguran \u2018un homenaje a nuestra gentes del mar, a los hombres y mujeres que desde tiempo inmemorial obtuvieron, de las entra\u00f1as del Atl\u00e1ntico, el sustento\u2019.<\/span><\/span><\/span><\/p>\n<p><\/span><\/div>\n<p><\/span><\/p><\/p>\n","protected":false},"excerpt":{"rendered":"<p>La Ruta das Cet\u00e1reas de A Guarda ya es una realidad Inaugurada ayer, se espera que fomente el turismo y revalorice el valor patrimonial La directora xeral de Desenvolvemento Pesqueiro, Susana Rodr\u00edguez Carballo, y el director de Estruturas e Mercados da Pesca, Juan Maneiro, junto con el alcalde de A Guarda, Jos\u00e9 Manuel Dom\u00ednguez Freitas, [&hellip;]<\/p>\n","protected":false},"author":2,"featured_media":0,"comment_status":"open","ping_status":"open","sticky":false,"template":"","format":"standard","meta":{"_monsterinsights_skip_tracking":false,"_monsterinsights_sitenote_active":false,"_monsterinsights_sitenote_note":"","_monsterinsights_sitenote_category":0},"categories":[25],"tags":[],"_links":{"self":[{"href":"https:\/\/www.talasoatlantico.com\/blog\/wp-json\/wp\/v2\/posts\/291"}],"collection":[{"href":"https:\/\/www.talasoatlantico.com\/blog\/wp-json\/wp\/v2\/posts"}],"about":[{"href":"https:\/\/www.talasoatlantico.com\/blog\/wp-json\/wp\/v2\/types\/post"}],"author":[{"embeddable":true,"href":"https:\/\/www.talasoatlantico.com\/blog\/wp-json\/wp\/v2\/users\/2"}],"replies":[{"embeddable":true,"href":"https:\/\/www.talasoatlantico.com\/blog\/wp-json\/wp\/v2\/comments?post=291"}],"version-history":[{"count":1,"href":"https:\/\/www.talasoatlantico.com\/blog\/wp-json\/wp\/v2\/posts\/291\/revisions"}],"predecessor-version":[{"id":1074,"href":"https:\/\/www.talasoatlantico.com\/blog\/wp-json\/wp\/v2\/posts\/291\/revisions\/1074"}],"wp:attachment":[{"href":"https:\/\/www.talasoatlantico.com\/blog\/wp-json\/wp\/v2\/media?parent=291"}],"wp:term":[{"taxonomy":"category","embeddable":true,"href":"https:\/\/www.talasoatlantico.com\/blog\/wp-json\/wp\/v2\/categories?post=291"},{"taxonomy":"post_tag","embeddable":true,"href":"https:\/\/www.talasoatlantico.com\/blog\/wp-json\/wp\/v2\/tags?post=291"}],"curies":[{"name":"wp","href":"https:\/\/api.w.org\/{rel}","templated":true}]}}