{"id":295,"date":"2010-10-26T11:04:00","date_gmt":"2010-10-26T11:04:00","guid":{"rendered":"http:\/\/talasoatlantico.com\/blog\/?p=295"},"modified":"2013-11-21T00:10:07","modified_gmt":"2013-11-21T00:10:07","slug":"el-amor-y-su-adios","status":"publish","type":"post","link":"https:\/\/www.talasoatlantico.com\/blog\/el-amor-y-su-adios\/","title":{"rendered":"El amor y su adi\u00f3s"},"content":{"rendered":"<div><span>Transcribimos este bonito poema escrito por Carla Bujan Dacu\u00f1a, del <a href=\"http:\/\/www.fomento.edu\/index.php?col=33\">Colegio Las Acacias<\/a>, y a la saz\u00f3n sobrina y ahijada de nuestra querida compa\u00f1era Sandra. Atent@s al estilo de Carla, pues con tan s\u00f3lo 11 a\u00f1os apunta alto. En <a href=\"http:\/\/www.talasoatlantico.com\/\">Talaso Atl\u00e1ntico<\/a> estamos seguros que esta chica llegar\u00e1 muy lejos!!<\/span><\/div>\n<div><span><br \/><\/span><\/div>\n<div><span><br \/><\/span><\/div>\n<div><span><b>El amor y su adi\u00f3s<\/b><\/span><\/div>\n<div><span><br \/><\/span><\/div>\n<div><span>\u00bfPor qu\u00e9, por qu\u00e9 nos separamos<\/span><\/div>\n<div><span>si, en efecto, nos amamos?,<\/span><\/div>\n<div><span>es algo que eligi\u00f3 el destino<\/span><\/div>\n<div><span>y deber\u00e9 admitirlo.<\/span><\/div>\n<div><span><br \/><\/span><\/div>\n<div><span>Pero no te podr\u00e9 observar<\/span><\/div>\n<div><span>ni siquiera o\u00edrte cantar;<\/span><\/div>\n<div><span>te amar\u00e9 por siempre,<\/span><\/div>\n<div><span>quiero que lo tengas presente.<\/span><\/div>\n<div><span><br \/><\/span><\/div>\n<div><span>Nos amamos,<\/span><\/div>\n<div><span>y ahora, nos olvidamos;<\/span><\/div>\n<div><span>\u00a1qu\u00e9 dif\u00edcil es sonre\u00edr<\/span><\/div>\n<div><span>cuando no lo puedes compartir!<\/span><\/div>\n<div><span><br \/><\/span><\/div>\n<div><span>El amor que uno siente<\/span><\/div>\n<div><span>es verdadero,<\/span><\/div>\n<div><span>el amor que un siente<\/span><\/div>\n<div><span>es duradero.<\/span><\/div>\n<div><span><br \/><\/span><\/div>\n<div><span>Cuando amanezca, no estar\u00e1s cerca,<\/span><\/div>\n<div><span>y no puedo evitar el sentir que voy a llorar;<\/span><\/div>\n<div><span>siempre estaremos en conexi\u00f3n<\/span><\/div>\n<div><span>mediante el v\u00ednculo del coraz\u00f3n.<\/span><\/div>\n<div><span><br \/><\/span><\/div>\n<div><span><b>Carla Buj\u00e1n Dacu\u00f1a (11)<\/b><\/span><\/div>\n<div><span>Colegio Las Acacias<\/span><\/div>\n<div><span><br \/><\/span><\/div>\n","protected":false},"excerpt":{"rendered":"<p>Transcribimos este bonito poema escrito por Carla Bujan Dacu\u00f1a, del Colegio Las Acacias, y a la saz\u00f3n sobrina y ahijada de nuestra querida compa\u00f1era Sandra. Atent@s al estilo de Carla, pues con tan s\u00f3lo 11 a\u00f1os apunta alto. En Talaso Atl\u00e1ntico estamos seguros que esta chica llegar\u00e1 muy lejos!! El amor y su adi\u00f3s \u00bfPor [&hellip;]<\/p>\n","protected":false},"author":2,"featured_media":0,"comment_status":"open","ping_status":"open","sticky":false,"template":"","format":"standard","meta":{"_monsterinsights_skip_tracking":false,"_monsterinsights_sitenote_active":false,"_monsterinsights_sitenote_note":"","_monsterinsights_sitenote_category":0},"categories":[48],"tags":[],"_links":{"self":[{"href":"https:\/\/www.talasoatlantico.com\/blog\/wp-json\/wp\/v2\/posts\/295"}],"collection":[{"href":"https:\/\/www.talasoatlantico.com\/blog\/wp-json\/wp\/v2\/posts"}],"about":[{"href":"https:\/\/www.talasoatlantico.com\/blog\/wp-json\/wp\/v2\/types\/post"}],"author":[{"embeddable":true,"href":"https:\/\/www.talasoatlantico.com\/blog\/wp-json\/wp\/v2\/users\/2"}],"replies":[{"embeddable":true,"href":"https:\/\/www.talasoatlantico.com\/blog\/wp-json\/wp\/v2\/comments?post=295"}],"version-history":[{"count":1,"href":"https:\/\/www.talasoatlantico.com\/blog\/wp-json\/wp\/v2\/posts\/295\/revisions"}],"predecessor-version":[{"id":1075,"href":"https:\/\/www.talasoatlantico.com\/blog\/wp-json\/wp\/v2\/posts\/295\/revisions\/1075"}],"wp:attachment":[{"href":"https:\/\/www.talasoatlantico.com\/blog\/wp-json\/wp\/v2\/media?parent=295"}],"wp:term":[{"taxonomy":"category","embeddable":true,"href":"https:\/\/www.talasoatlantico.com\/blog\/wp-json\/wp\/v2\/categories?post=295"},{"taxonomy":"post_tag","embeddable":true,"href":"https:\/\/www.talasoatlantico.com\/blog\/wp-json\/wp\/v2\/tags?post=295"}],"curies":[{"name":"wp","href":"https:\/\/api.w.org\/{rel}","templated":true}]}}