{"id":298,"date":"2010-10-21T13:48:00","date_gmt":"2010-10-21T13:48:00","guid":{"rendered":"http:\/\/talasoatlantico.com\/blog\/?p=298"},"modified":"2013-11-21T00:10:29","modified_gmt":"2013-11-21T00:10:29","slug":"empieza-en-certamen-secuencia-cero","status":"publish","type":"post","link":"https:\/\/www.talasoatlantico.com\/blog\/empieza-en-certamen-secuencia-cero\/","title":{"rendered":"Empieza en certamen Secuencia Cero"},"content":{"rendered":"<div><a href=\"http:\/\/2.bp.blogspot.com\/_u_dwr43mzZg\/TMBHD42YYhI\/AAAAAAAAARs\/XLyrvqZH2lI\/s1600\/diptico+invitaci%2B%C2%A6n+interior.jpg\"><img decoding=\"async\" src=\"http:\/\/2.bp.blogspot.com\/_u_dwr43mzZg\/TMBHD42YYhI\/AAAAAAAAARs\/XLyrvqZH2lI\/s320\/diptico+invitaci%2B%C2%A6n+interior.jpg\" border=\"0\" alt=\"\"><\/a><\/div>\n<div>\n<p><span><span><br \/><\/span><\/span><\/p>\n<p><span><a href=\"http:\/\/www.talasoatlantico.com\/\">TALASO ATLANTICO<\/a> colabora con ellos!<\/span><\/p>\n<p><span><br \/><\/span><\/p>\n<p><span>La asociaci\u00f3n <a href=\"http:\/\/www.blogger.com\/www.secuenciacero.com\">Secuenciacero<\/a>, presentar\u00e1 el \u00ab7\u00ba Certamen de documental y video\u00bb durante los d\u00edas 21, 22 y 23 de Octubre en el museo Verbum de Samil en Vigo a partir de las 19h. Las obras presentadas a concurso estan repartidas en sus habituales modalidades de videocreaci\u00f3n, documental y cortometraje de ficci\u00f3n, una selecci\u00f3n que representa un resumen del actual panorama audiovisual. <\/span><\/p>\n<p><span><br \/><\/span><\/p>\n<p><span>El jurado de este a\u00f1o son los ganadores del certamen anterior, Javier Chill\u00f3n, Chus Dom\u00ednguez, Vicent Gisbert y David Moreno. El Trofeo Casta\u00f1a este a\u00f1o sera a cargo de Tono Carbajo Villaverde, con tres cuadros originales,del pintor vigu\u00e9s, para cada una de las categor\u00edas. En la entrada del evento podremos disfrutar de la videoinstalaci\u00f3n de Pelucas, Samil Plurinihilista .<\/p>\n<p><\/span><\/p>\n<p><span><br \/><\/span><\/p>\n<p><span>Para la clausura del festival, el d\u00eda 23, actuar\u00e1 el monologuista y c\u00f3mico vigu\u00e9s, C\u00e1ndido Paz\u00f3.<\/p>\n<p><\/span><\/p>\n<p><span><br \/><\/span><\/p>\n<p><span><\/p>\n<p><\/span><\/p>\n<p><span><\/p>\n<p><\/span><\/p>\n<p><span>\u00abNo est\u00e1 nada mal para ser todo gratuito\u00bb<\/span><\/p>\n<p><span><\/p>\n<p><\/span><\/p>\n<p><span><\/p>\n<p><\/span><\/p>\n<p><span><br \/><\/span><\/p>\n<p><span>Un saludo<\/p>\n<p><\/span><\/p>\n<p><span><\/p>\n<p><\/span><\/p>\n<p><span><br \/><\/span><\/p>\n<p><span><b>SECUENCIACERO<\/p>\n<p><\/b><\/span><\/p>\n<p><span><br \/><\/span><\/p>\n<p><span><img decoding=\"async\" src=\"http:\/\/2.bp.blogspot.com\/_u_dwr43mzZg\/TMBI5Bxn52I\/AAAAAAAAAR0\/F0BveK3_fb8\/s320\/Programa+SecuenciaCero+interior.jpg\"><\/span><\/p>\n<\/div>\n","protected":false},"excerpt":{"rendered":"<p>TALASO ATLANTICO colabora con ellos! La asociaci\u00f3n Secuenciacero, presentar\u00e1 el \u00ab7\u00ba Certamen de documental y video\u00bb durante los d\u00edas 21, 22 y 23 de Octubre en el museo Verbum de Samil en Vigo a partir de las 19h. Las obras presentadas a concurso estan repartidas en sus habituales modalidades de videocreaci\u00f3n, documental y cortometraje de [&hellip;]<\/p>\n","protected":false},"author":2,"featured_media":0,"comment_status":"open","ping_status":"open","sticky":false,"template":"","format":"standard","meta":{"_monsterinsights_skip_tracking":false,"_monsterinsights_sitenote_active":false,"_monsterinsights_sitenote_note":"","_monsterinsights_sitenote_category":0},"categories":[6,48],"tags":[],"_links":{"self":[{"href":"https:\/\/www.talasoatlantico.com\/blog\/wp-json\/wp\/v2\/posts\/298"}],"collection":[{"href":"https:\/\/www.talasoatlantico.com\/blog\/wp-json\/wp\/v2\/posts"}],"about":[{"href":"https:\/\/www.talasoatlantico.com\/blog\/wp-json\/wp\/v2\/types\/post"}],"author":[{"embeddable":true,"href":"https:\/\/www.talasoatlantico.com\/blog\/wp-json\/wp\/v2\/users\/2"}],"replies":[{"embeddable":true,"href":"https:\/\/www.talasoatlantico.com\/blog\/wp-json\/wp\/v2\/comments?post=298"}],"version-history":[{"count":1,"href":"https:\/\/www.talasoatlantico.com\/blog\/wp-json\/wp\/v2\/posts\/298\/revisions"}],"predecessor-version":[{"id":1077,"href":"https:\/\/www.talasoatlantico.com\/blog\/wp-json\/wp\/v2\/posts\/298\/revisions\/1077"}],"wp:attachment":[{"href":"https:\/\/www.talasoatlantico.com\/blog\/wp-json\/wp\/v2\/media?parent=298"}],"wp:term":[{"taxonomy":"category","embeddable":true,"href":"https:\/\/www.talasoatlantico.com\/blog\/wp-json\/wp\/v2\/categories?post=298"},{"taxonomy":"post_tag","embeddable":true,"href":"https:\/\/www.talasoatlantico.com\/blog\/wp-json\/wp\/v2\/tags?post=298"}],"curies":[{"name":"wp","href":"https:\/\/api.w.org\/{rel}","templated":true}]}}