{"id":312,"date":"2010-10-05T15:42:00","date_gmt":"2010-10-05T15:42:00","guid":{"rendered":"http:\/\/talasoatlantico.com\/blog\/?p=312"},"modified":"2013-11-21T00:13:33","modified_gmt":"2013-11-21T00:13:33","slug":"curso-de-marketing-termal","status":"publish","type":"post","link":"https:\/\/www.talasoatlantico.com\/blog\/curso-de-marketing-termal\/","title":{"rendered":"Curso de Marketing Termal"},"content":{"rendered":"<p><a href=\"http:\/\/3.bp.blogspot.com\/_u_dwr43mzZg\/TKtJTKZ9hGI\/AAAAAAAAAQs\/H5SrNbOqHaQ\/s1600\/cabecera_esp.gif\"><img decoding=\"async\" src=\"http:\/\/3.bp.blogspot.com\/_u_dwr43mzZg\/TKtJTKZ9hGI\/AAAAAAAAAQs\/H5SrNbOqHaQ\/s320\/cabecera_esp.gif\" border=\"0\" alt=\"\"><\/a><\/p>\n<p><span>Desde <a href=\"http:\/\/www.talasoatlantico.com\/\">TALASO ATLANTICO<\/a> queremos recomentar a tod@s vosotr@s este interesante curso que se realizar\u00e1 con motivo de la feria Termatalia la pr\u00f3xima semana en Expourense. Esta indicado para tod@s l@s profesionales del sector, pero tambi\u00e9n para aquellas personas interesadas en el Marketing, ya que el profesor que lo impartir\u00e1, Jos\u00e9 Pita Castelo, ser\u00e1 la persona responsable de impartir el curso.<\/span><\/p>\n<p><span><br \/><\/span><\/p>\n<p><span>Adjuntamos toda la informaci\u00f3n relacionada:<\/span><\/p>\n<p><\/p>\n<p><\/p>\n<p><span><a href=\"http:\/\/www.termatalia.com\/index.php?pagina=6&#038;f=1&#038;id=253\">Termatalia y la AIETEGAL organizan un Curso de Marketing Termal y unas Jornadas Formativas sobre Termalismo y propiedades del agua<\/a><\/p>\n<p><\/span><\/p>\n<p><span><\/p>\n<p><\/span><\/p>\n<p><span><\/p>\n<p><\/span><\/p>\n<p><span><span> <\/span>Fecha: 05\/10\/2010<\/p>\n<p><\/span><\/p>\n<p><span><\/p>\n<p><\/span><\/p>\n<p><span><\/p>\n<p><\/span><\/p>\n<p><span>Termatalia y Aeitegal (Agrupaci\u00f3n Termal Innovadora Termal de Galicia) organizan un curso de Marketing Termal y unas Jornadas formativas-informativas sobre Termalismo y las propiedades terap\u00e9uticas del agua que forman parte del programa de actividades que se van a desarrollar durante la d\u00e9cima edici\u00f3n de la Feria Internacional de Turismo Termal que se celebrar\u00e1 en Expourense entre el 15 y el 17 de Octubre. Estas acciones est\u00e1n orientadas a los profesionales del sector.<\/p>\n<p><\/span><\/p>\n<p><span><span> <\/span><\/p>\n<p><\/span><\/p>\n<p><span>El Curso de Marketing Termal se celebrar\u00e1 en Expourense (Consultar programa) el s\u00e1bado 16 de octubre y las Jornadas formativas &#8211; informativas sobre Termalismo y propiedades terap\u00e9uticas del agua tendr\u00e1n lugar desde el 13 al 15 de octubre en el Balneario de Augas Santas \u2013 Ferreira de Pant\u00f3n (Lugo) y Termatalia (Ourense). (Consultar programa). Ambas actividades est\u00e1n patrocinadas por la Xunta de Galicia, Xacobeo 2010, Balnearios de Galicia y Gala Termal.<\/p>\n<p><\/span><\/p>\n<p><span><\/p>\n<p><\/span><\/p>\n<p><span>Curso de Marketing<\/p>\n<p><\/span><\/p>\n<p><span><\/p>\n<p><\/span><\/p>\n<p><span>El Curso \u201cMARKETING TERMAL\u201d comenzar\u00e1 con una peque\u00f1a introducci\u00f3n sobre el Marketing<span>  <\/span>y su planificaci\u00f3n, tambi\u00e9n aprenderemos a conocer como dise\u00f1ar un plan de marketing y terminaremos la jornada con la realizaci\u00f3n de una pr\u00e1ctica del plan de marketing. Para<span>  <\/span>ello contaremos con el profesor D. Jos\u00e9 Pita Castelo, doctor en CC. Econ\u00f3micas y Empresariales de la Universidad Complutense de Madrid y del \u00c1rea de comercializaci\u00f3n e Investigaci\u00f3n de Mercados del Departamento de Organizaci\u00f3n de Empresas y Marketing de la Universidad de Vigo, para la impartici\u00f3n de este curso.<\/p>\n<p><\/span><\/p>\n<p><span>Este modulo se har\u00e1 en visitas programadas posteriores del profesor a cada balneario de forma individualizada.<\/p>\n<p><\/span><\/p>\n<p><span><\/p>\n<p><\/span><\/p>\n<p><span>Jornadas<\/p>\n<p><\/span><\/p>\n<p><span><\/p>\n<p><\/span><\/p>\n<p><span>Con respecto a las \u201cJORNADAS FORMATIVAS-INFORM\u00c1TIVAS SOBRE TERMALISMO Y PROPIEDADES TERAP\u00c9UTICAS DEL AGUA\u201d, comenzar\u00e1 el primer d\u00eda con un circuito termal nocturno, para continuar al d\u00eda siguiente con la formaci\u00f3n en Termatalia sobre los beneficios de las curas termales, as\u00ed como la clasificaci\u00f3n de los distintos tipos de agua, sus fundamentos cient\u00edficos, t\u00e9cnicas termales tales como balneaci\u00f3n, aplicaciones a presi\u00f3n y inhalaciones y<span>  <\/span>la comercializaci\u00f3n de producto termal. La ponencia ser\u00e1 impartida por el Dr. Antonio Freire, director de Gala Termal y m\u00e9dico especialista en hidrolog\u00eda m\u00e9dica e hidroterapia. Y terminar\u00e1 la sesi\u00f3n de la tarde con una salida al Museo de vino de Monforte para cata de vino y al Hotel Balneario Augas Santas.<\/p>\n<p><\/span><\/p>\n<p><span><\/p>\n<p><\/span><\/p>\n<p><span>Las jornadas dar\u00e1n fin el viernes 15 con una salida a Termatalia para su continuaci\u00f3n mesa de contrataci\u00f3n y entrega de diplomas.<\/p>\n<p><\/span><\/p>\n<p><span><\/p>\n<p><\/span><\/p>\n","protected":false},"excerpt":{"rendered":"<p>Desde TALASO ATLANTICO queremos recomentar a tod@s vosotr@s este interesante curso que se realizar\u00e1 con motivo de la feria Termatalia la pr\u00f3xima semana en Expourense. Esta indicado para tod@s l@s profesionales del sector, pero tambi\u00e9n para aquellas personas interesadas en el Marketing, ya que el profesor que lo impartir\u00e1, Jos\u00e9 Pita Castelo, ser\u00e1 la persona [&hellip;]<\/p>\n","protected":false},"author":2,"featured_media":0,"comment_status":"open","ping_status":"open","sticky":false,"template":"","format":"standard","meta":{"_monsterinsights_skip_tracking":false,"_monsterinsights_sitenote_active":false,"_monsterinsights_sitenote_note":"","_monsterinsights_sitenote_category":0},"categories":[6,48],"tags":[],"_links":{"self":[{"href":"https:\/\/www.talasoatlantico.com\/blog\/wp-json\/wp\/v2\/posts\/312"}],"collection":[{"href":"https:\/\/www.talasoatlantico.com\/blog\/wp-json\/wp\/v2\/posts"}],"about":[{"href":"https:\/\/www.talasoatlantico.com\/blog\/wp-json\/wp\/v2\/types\/post"}],"author":[{"embeddable":true,"href":"https:\/\/www.talasoatlantico.com\/blog\/wp-json\/wp\/v2\/users\/2"}],"replies":[{"embeddable":true,"href":"https:\/\/www.talasoatlantico.com\/blog\/wp-json\/wp\/v2\/comments?post=312"}],"version-history":[{"count":1,"href":"https:\/\/www.talasoatlantico.com\/blog\/wp-json\/wp\/v2\/posts\/312\/revisions"}],"predecessor-version":[{"id":1089,"href":"https:\/\/www.talasoatlantico.com\/blog\/wp-json\/wp\/v2\/posts\/312\/revisions\/1089"}],"wp:attachment":[{"href":"https:\/\/www.talasoatlantico.com\/blog\/wp-json\/wp\/v2\/media?parent=312"}],"wp:term":[{"taxonomy":"category","embeddable":true,"href":"https:\/\/www.talasoatlantico.com\/blog\/wp-json\/wp\/v2\/categories?post=312"},{"taxonomy":"post_tag","embeddable":true,"href":"https:\/\/www.talasoatlantico.com\/blog\/wp-json\/wp\/v2\/tags?post=312"}],"curies":[{"name":"wp","href":"https:\/\/api.w.org\/{rel}","templated":true}]}}