{"id":313,"date":"2010-10-05T12:04:00","date_gmt":"2010-10-05T12:04:00","guid":{"rendered":"http:\/\/talasoatlantico.com\/blog\/?p=313"},"modified":"2013-11-21T00:13:41","modified_gmt":"2013-11-21T00:13:41","slug":"la-fiesta-de-la-arribada-ya-es-de-interes-turistico-nacional","status":"publish","type":"post","link":"https:\/\/www.talasoatlantico.com\/blog\/la-fiesta-de-la-arribada-ya-es-de-interes-turistico-nacional\/","title":{"rendered":"La Fiesta de la Arribada ya es de &quot;Inter\u00e9s Tur\u00edstico Nacional&quot;"},"content":{"rendered":"<p><a href=\"http:\/\/4.bp.blogspot.com\/_u_dwr43mzZg\/TKsVVxofX0I\/AAAAAAAAAQk\/9wXRIMQj7T8\/s1600\/arribada.jpg\"><img decoding=\"async\" src=\"http:\/\/4.bp.blogspot.com\/_u_dwr43mzZg\/TKsVVxofX0I\/AAAAAAAAAQk\/9wXRIMQj7T8\/s320\/arribada.jpg\" border=\"0\" alt=\"\"><\/a><\/p>\n<div>\n<p><span><a href=\"http:\/\/www.farodevigo.es\/comarcas\/2010\/10\/05\/fiesta-arribada-interes-turistico-nacional\/478479.html\">La Fiesta de la Arribada ya es de \u00abInter\u00e9s Tur\u00edstico Nacional\u00bb<\/a><\/p>\n<p><\/span><\/p>\n<p><\/p>\n<p><span><\/p>\n<p><\/span><\/p>\n<p><span>El BOE ha hecho p\u00fablica hoy esta resoluci\u00f3n hecha por la Secretar\u00eda General de Turismo el pasado 23 de septiembre<\/p>\n<p><\/span><\/p>\n<p><span><\/p>\n<p><\/span><\/p>\n<p><span><\/p>\n<p><\/span><\/p>\n<p><span>El Bolet\u00edn Oficial del Estado (BOE) ha hecho p\u00fablica hoy la resoluci\u00f3n del pasado 23 de septiembre de la Secretar\u00eda General de Turismo por la que se concede el t\u00edtulo de \u00abFiesta de Inter\u00e9s Tur\u00edstico Nacional\u00bb a la \u00abFiesta de la Arribada de la Carabela La Pinta\u00bb de Baiona (Pontevedra).<\/p>\n<p>La Fiesta de &#8216;La Arribada&#8217; conmemora anualmente el primer fin de semana de marzo la llegada a la localidad pontevedresa en 1493 de la Carabela &#8216;La Pinta&#8217;, capitaneada por Mart\u00edn Alonso Pinz\u00f3n, con la noticia del Descubrimiento de Am\u00e9rica.<\/p>\n<p>\u00c9sta es la segunda fiesta gallega que obtiene dicha menci\u00f3n en los \u00faltimos meses, ya que el pasado junio fue la Fiesta del Cocido de Lal\u00edn la que se hizo con la distinci\u00f3n, y se suma a las otras 11 fiestas que ostentan en Galicia la declaraci\u00f3n de Inter\u00e9s Tur\u00edstico Nacional y a las 5 que la tienen de Inter\u00e9s Internacional.<\/p>\n<p>As\u00ed lo se\u00f1al\u00f3 el pasado 24 de septiembre el delegado del Gobierno en Galicia, Ant\u00f3n Louro, tras felicitar a Baiona por la concesi\u00f3n de este distintivo que contribuir\u00e1 a \u00abfomentar su divulgaci\u00f3n\u00bb dentro del calendario de las principales fiestas de Espa\u00f1a y a propiciar su difusi\u00f3n en todo el territorio.<\/p>\n<p><\/span><\/p>\n<p><span><br \/><\/span><\/p>\n<p><span>FARO DE VIGO.- 5.10.2010<\/span><\/p>\n<\/div>\n","protected":false},"excerpt":{"rendered":"<p>La Fiesta de la Arribada ya es de \u00abInter\u00e9s Tur\u00edstico Nacional\u00bb El BOE ha hecho p\u00fablica hoy esta resoluci\u00f3n hecha por la Secretar\u00eda General de Turismo el pasado 23 de septiembre El Bolet\u00edn Oficial del Estado (BOE) ha hecho p\u00fablica hoy la resoluci\u00f3n del pasado 23 de septiembre de la Secretar\u00eda General de Turismo por [&hellip;]<\/p>\n","protected":false},"author":2,"featured_media":0,"comment_status":"open","ping_status":"open","sticky":false,"template":"","format":"standard","meta":{"_monsterinsights_skip_tracking":false,"_monsterinsights_sitenote_active":false,"_monsterinsights_sitenote_note":"","_monsterinsights_sitenote_category":0},"categories":[6,49,25],"tags":[],"_links":{"self":[{"href":"https:\/\/www.talasoatlantico.com\/blog\/wp-json\/wp\/v2\/posts\/313"}],"collection":[{"href":"https:\/\/www.talasoatlantico.com\/blog\/wp-json\/wp\/v2\/posts"}],"about":[{"href":"https:\/\/www.talasoatlantico.com\/blog\/wp-json\/wp\/v2\/types\/post"}],"author":[{"embeddable":true,"href":"https:\/\/www.talasoatlantico.com\/blog\/wp-json\/wp\/v2\/users\/2"}],"replies":[{"embeddable":true,"href":"https:\/\/www.talasoatlantico.com\/blog\/wp-json\/wp\/v2\/comments?post=313"}],"version-history":[{"count":1,"href":"https:\/\/www.talasoatlantico.com\/blog\/wp-json\/wp\/v2\/posts\/313\/revisions"}],"predecessor-version":[{"id":1090,"href":"https:\/\/www.talasoatlantico.com\/blog\/wp-json\/wp\/v2\/posts\/313\/revisions\/1090"}],"wp:attachment":[{"href":"https:\/\/www.talasoatlantico.com\/blog\/wp-json\/wp\/v2\/media?parent=313"}],"wp:term":[{"taxonomy":"category","embeddable":true,"href":"https:\/\/www.talasoatlantico.com\/blog\/wp-json\/wp\/v2\/categories?post=313"},{"taxonomy":"post_tag","embeddable":true,"href":"https:\/\/www.talasoatlantico.com\/blog\/wp-json\/wp\/v2\/tags?post=313"}],"curies":[{"name":"wp","href":"https:\/\/api.w.org\/{rel}","templated":true}]}}