{"id":320,"date":"2010-09-25T07:26:00","date_gmt":"2010-09-25T07:26:00","guid":{"rendered":"http:\/\/talasoatlantico.com\/blog\/?p=320"},"modified":"2013-11-23T14:42:36","modified_gmt":"2013-11-23T14:42:36","slug":"la-arribada-declarada-fiesta-de-interes-turistico-nacional","status":"publish","type":"post","link":"https:\/\/www.talasoatlantico.com\/blog\/la-arribada-declarada-fiesta-de-interes-turistico-nacional\/","title":{"rendered":"La Arribada declarada Fiesta de Inter\u00e9s Tur\u00edstico Nacional"},"content":{"rendered":"<p><a href=\"http:\/\/2.bp.blogspot.com\/_u_dwr43mzZg\/TJ3XcmW8XKI\/AAAAAAAAAP0\/jjm03add1DU\/s1600\/arribada-baiona.jpg\"><img decoding=\"async\" src=\"http:\/\/2.bp.blogspot.com\/_u_dwr43mzZg\/TJ3XcmW8XKI\/AAAAAAAAAP0\/jjm03add1DU\/s320\/arribada-baiona.jpg\" border=\"0\" alt=\"\"><\/a><\/p>\n<p><span><span><\/span><\/span><\/p>\n<p><span><\/p>\n<div>\n<h1><span><span><a href=\"http:\/\/www.farodevigo.es\/comarcas\/2010\/09\/25\/arribada-baiona-recibe-distincion-fiesta-interes-turistico-nacional\/475832.html\">La Arribada de Baiona recibe la distinci\u00f3n de Fiesta de Inter\u00e9s Tur\u00edstico Nacional<\/a><\/span><\/span><\/h1>\n<\/div>\n<div><\/div>\n<div>\n<h2><span><span>La llegada de la Pinta se conmemora el primer fin de semana de marzo<\/span><\/span><\/h2>\n<\/div>\n<p><\/span><\/p>\n<p><span><br \/><\/span><\/p>\n<p><span><br \/><\/span><\/p>\n<p><span>La Secretar\u00eda General de Turismo, que depende del Ministerio de Industria, resolvi\u00f3 ayer otorgar a la Arribada la distinci\u00f3n de Fiesta de Inter\u00e9s Tur\u00edstico Nacional. Con estos festejos Baiona conmemora cada a\u00f1o la llegada de la carabela \u00abPinta\u00bb, el 1 de marzo de 1943, con la noticia del descubrimiento de Am\u00e9rica. <\/p>\n<p><\/span><\/p>\n<p><span><br \/><\/span><\/p>\n<p><span><\/p>\n<p><\/span><\/p>\n<p><span>Las celebraciones son cada a\u00f1o el primer fin de semana de marzo, en el que Baiona se transforma con una ambientaci\u00f3n medieval para recordar esta efem\u00e9rides. Los festejos constan de un acto oficial con una ofrenda floral ante el monumento a Mart\u00edn Alonso Pinz\u00f3n, que ostentaba el mando de la Pinta, y contin\u00faan con un torneo medieval, la competici\u00f3n de tiro con arco y un espect\u00e1culo de cetrer\u00eda, as\u00ed como con un mercado de artesan\u00eda y alimentaci\u00f3n que desde sus inicios se ha convertido en uno de los principales reclamos de la fiesta. <\/p>\n<p><\/span><\/p>\n<p><span><\/p>\n<p><\/span><\/p>\n<p><span><br \/><\/span><\/p>\n<p><span>El punto \u00e1lgido de la celebraci\u00f3n es la representaci\u00f3n del drama hist\u00f3rico de la \u00abArribada del descubrimiento\u00bb, con texto de Avelino Sierra, en el que se revive la haza\u00f1a hist\u00f3rica del desembarco de los tripulantes en el puerto baion\u00e9s. <\/p>\n<p><\/span><\/p>\n<p><span>Seg\u00fan apunt\u00f3 ayer el delegado del Gobierno en Galicia, Ant\u00f3n Louro, que ayer anunci\u00f3 la concesi\u00f3n del premio, la Arribada es la segunda fiesta gallega distinguida por el Ejecutivo central en los \u00faltimos meses, lo que contribuir\u00e1 a \u00abfomentar la divulgaci\u00f3n\u00bb de la fiesta dentro del calendario de principales celebraciones de Espa\u00f1a. <\/p>\n<p><\/span><\/p>\n<p><span><\/p>\n<p><\/span><\/p>\n<p><span><br \/><\/span><\/p>\n<p><span>La declaraci\u00f3n de inter\u00e9s tur\u00edstico nacional de la Arribada de Baiona se suma a otras once celebraciones con esta distinci\u00f3n que existen en Galicia y las cinco que ya cuentan con el reconocimiento de inter\u00e9s tur\u00edstico internacional.<\/p>\n<p><\/span><\/p>\n","protected":false},"excerpt":{"rendered":"<p>La Arribada de Baiona recibe la distinci\u00f3n de Fiesta de Inter\u00e9s Tur\u00edstico Nacional La llegada de la Pinta se conmemora el primer fin de semana de marzo La Secretar\u00eda General de Turismo, que depende del Ministerio de Industria, resolvi\u00f3 ayer otorgar a la Arribada la distinci\u00f3n de Fiesta de Inter\u00e9s Tur\u00edstico Nacional. Con estos festejos [&hellip;]<\/p>\n","protected":false},"author":2,"featured_media":0,"comment_status":"open","ping_status":"open","sticky":false,"template":"","format":"standard","meta":{"_monsterinsights_skip_tracking":false,"_monsterinsights_sitenote_active":false,"_monsterinsights_sitenote_note":"","_monsterinsights_sitenote_category":0},"categories":[49,9],"tags":[],"_links":{"self":[{"href":"https:\/\/www.talasoatlantico.com\/blog\/wp-json\/wp\/v2\/posts\/320"}],"collection":[{"href":"https:\/\/www.talasoatlantico.com\/blog\/wp-json\/wp\/v2\/posts"}],"about":[{"href":"https:\/\/www.talasoatlantico.com\/blog\/wp-json\/wp\/v2\/types\/post"}],"author":[{"embeddable":true,"href":"https:\/\/www.talasoatlantico.com\/blog\/wp-json\/wp\/v2\/users\/2"}],"replies":[{"embeddable":true,"href":"https:\/\/www.talasoatlantico.com\/blog\/wp-json\/wp\/v2\/comments?post=320"}],"version-history":[{"count":1,"href":"https:\/\/www.talasoatlantico.com\/blog\/wp-json\/wp\/v2\/posts\/320\/revisions"}],"predecessor-version":[{"id":1095,"href":"https:\/\/www.talasoatlantico.com\/blog\/wp-json\/wp\/v2\/posts\/320\/revisions\/1095"}],"wp:attachment":[{"href":"https:\/\/www.talasoatlantico.com\/blog\/wp-json\/wp\/v2\/media?parent=320"}],"wp:term":[{"taxonomy":"category","embeddable":true,"href":"https:\/\/www.talasoatlantico.com\/blog\/wp-json\/wp\/v2\/categories?post=320"},{"taxonomy":"post_tag","embeddable":true,"href":"https:\/\/www.talasoatlantico.com\/blog\/wp-json\/wp\/v2\/tags?post=320"}],"curies":[{"name":"wp","href":"https:\/\/api.w.org\/{rel}","templated":true}]}}