{"id":327,"date":"2010-09-20T01:08:00","date_gmt":"2010-09-20T01:08:00","guid":{"rendered":"http:\/\/talasoatlantico.com\/blog\/?p=327"},"modified":"2013-11-23T15:16:39","modified_gmt":"2013-11-23T15:16:39","slug":"seminario-2-0","status":"publish","type":"post","link":"https:\/\/www.talasoatlantico.com\/blog\/seminario-2-0\/","title":{"rendered":"Seminario 2.0"},"content":{"rendered":"<p><a href=\"http:\/\/4.bp.blogspot.com\/_u_dwr43mzZg\/TJcv-sWMPwI\/AAAAAAAAAPE\/UWzvKN8p_y8\/s1600\/cep+imaxe.jpg\"><img decoding=\"async\" src=\"http:\/\/4.bp.blogspot.com\/_u_dwr43mzZg\/TJcv-sWMPwI\/AAAAAAAAAPE\/UWzvKN8p_y8\/s200\/cep+imaxe.jpg\" border=\"0\" alt=\"\"><\/a><\/p>\n<div><span><span><span>Seminario \u00abInnovaci\u00f3n 2.0, redes sociales orientadas a la empresa\u00bb<\/span><\/span><\/span><\/div>\n<div><span><span><span><br \/><\/span><\/span><\/span><\/div>\n<div><span><span><span>La <a href=\"http:\/\/www.cep.es\/\">Confederaci\u00f3n de Empresarios de Pontevedra<\/a> organizar\u00e1 este interesante seminario dentro de su programa <a href=\"http:\/\/www.redincopyme.org\/es\/cultura-innovadora\">\u00abFomento de la cultura innovadora\u00bb<\/a>, que se desarrollar\u00e1 en las instalaciones que la C.E.P. tiene en Vigo el d\u00eda 7 de octubre de 2010.<\/span><\/span><\/span><\/div>\n<div><span><span><span><br \/><\/span><\/span><\/span><\/div>\n<div><span><span><span>Para poder asistir hay que cubrir la hoja de inscripci\u00f3n desde la propia p\u00e1gina de la <a href=\"http:\/\/www.cep.es\/\">C.E.P.<\/a> El seminario contar\u00e1 con la presencia de Jos\u00e9 Fern\u00e1ndez Iglesias, Rub\u00e9n Bast\u00f3n Meira y Mart\u00edn Manent, que much@s de vosotr@s conocer\u00e9is.<\/span><\/span><\/span><\/div>\n<div><span><span><span><br \/><\/span><\/span><\/span><\/div>\n<div><span><span><span>El progama es el siguiente:<\/span><\/span><\/span><\/div>\n<div><span><span><span><br \/><\/span><\/span><\/span><\/div>\n<div><span><span>09:45 &#8211; Presentaci\u00f3n<\/span><\/span><\/div>\n<div><span><span><br \/><\/span><\/span><\/div>\n<div><span><span>10:00 &#8211; La presencia de la empresa en Internet. Cumplimiento de la normativa. <i>Por Jos\u00e9 Fern\u00e1ndez Iglesias.<\/i><\/span><\/span><\/div>\n<div><span><span><br \/><\/span><\/span><\/div>\n<div><span><span>10:45 &#8211; Herramientas de Marketing Online para la empresa. <i>Por Rub\u00e9n Bast\u00f3n Meira.<\/i><\/span><\/span><\/div>\n<div><span><span><br \/><\/span><\/span><\/div>\n<div><span><span>11:30 &#8211; Comercio electr\u00f3nico. Principales tendencias. <i>Por Mart\u00edn Manent.<\/i><\/span><\/span><\/div>\n<div><span><span><br \/><\/span><\/span><\/div>\n<div><span><span>12:15 &#8211; Caso pr\u00e1ctico: 10 elementos b\u00e1sicos del comercio electr\u00f3nico. <i>Por Mart\u00edn Manent.<\/i><\/span><\/span><\/div>\n<div><span><span><span><br \/><\/span><\/span><\/span><\/div>\n<div><span><span><span><br \/><\/span><\/span><\/span><\/div>\n<div><span><span><span>Por \u00faltimo a\u00f1adir unas palabras que dicen desde el Programa fomento de la Cultura Innovadora:<\/span><\/span><\/span><\/div>\n<div><span><span><span><br \/><\/span><\/span><\/span><\/div>\n<div><span><span><span><span>La innovaci\u00f3n y su gesti\u00f3n en entornos empresariales y p\u00fablicos, se est\u00e1n convirtiendo en una clave para el desarrollo social y econ\u00f3mico en nuestra sociedad.<br \/>Es necesario tomar medidas para impulsar el desarrollo tecnol\u00f3gico de las empresas, pero no es suficiente la dotaci\u00f3n de tecnolog\u00eda e infraestructuras, se requiere un esfuerzo en la capacitaci\u00f3n de los recursos humanos, que favorezca la incorporaci\u00f3n de la innovaci\u00f3n en un sistema empresarial amenazado por la pujanza de nuevos mercados y la permanente necesidad de mejora, reciclaje y adaptabilidad.<br \/>El factor diferenciaci\u00f3n debe ser fuertemente activado, por lo cual la innovaci\u00f3n en productos, procesos y servicios se muestra como clave para la supervivencia de nuestras empresas.<\/span><\/span><\/span><\/span><\/div>\n<div><span><span><span><span><br \/><\/span><\/span><\/span><\/span><\/div>\n<div><span><span><span><span>Recomendamos 100% la asistencia a este seminario a tod@s los implicad@.<\/span><\/span><\/span><\/span><\/div>\n","protected":false},"excerpt":{"rendered":"<p>Seminario \u00abInnovaci\u00f3n 2.0, redes sociales orientadas a la empresa\u00bb La Confederaci\u00f3n de Empresarios de Pontevedra organizar\u00e1 este interesante seminario dentro de su programa \u00abFomento de la cultura innovadora\u00bb, que se desarrollar\u00e1 en las instalaciones que la C.E.P. tiene en Vigo el d\u00eda 7 de octubre de 2010. Para poder asistir hay que cubrir la hoja [&hellip;]<\/p>\n","protected":false},"author":2,"featured_media":0,"comment_status":"open","ping_status":"open","sticky":false,"template":"","format":"standard","meta":{"_monsterinsights_skip_tracking":false,"_monsterinsights_sitenote_active":false,"_monsterinsights_sitenote_note":"","_monsterinsights_sitenote_category":0},"categories":[48],"tags":[],"_links":{"self":[{"href":"https:\/\/www.talasoatlantico.com\/blog\/wp-json\/wp\/v2\/posts\/327"}],"collection":[{"href":"https:\/\/www.talasoatlantico.com\/blog\/wp-json\/wp\/v2\/posts"}],"about":[{"href":"https:\/\/www.talasoatlantico.com\/blog\/wp-json\/wp\/v2\/types\/post"}],"author":[{"embeddable":true,"href":"https:\/\/www.talasoatlantico.com\/blog\/wp-json\/wp\/v2\/users\/2"}],"replies":[{"embeddable":true,"href":"https:\/\/www.talasoatlantico.com\/blog\/wp-json\/wp\/v2\/comments?post=327"}],"version-history":[{"count":1,"href":"https:\/\/www.talasoatlantico.com\/blog\/wp-json\/wp\/v2\/posts\/327\/revisions"}],"predecessor-version":[{"id":1108,"href":"https:\/\/www.talasoatlantico.com\/blog\/wp-json\/wp\/v2\/posts\/327\/revisions\/1108"}],"wp:attachment":[{"href":"https:\/\/www.talasoatlantico.com\/blog\/wp-json\/wp\/v2\/media?parent=327"}],"wp:term":[{"taxonomy":"category","embeddable":true,"href":"https:\/\/www.talasoatlantico.com\/blog\/wp-json\/wp\/v2\/categories?post=327"},{"taxonomy":"post_tag","embeddable":true,"href":"https:\/\/www.talasoatlantico.com\/blog\/wp-json\/wp\/v2\/tags?post=327"}],"curies":[{"name":"wp","href":"https:\/\/api.w.org\/{rel}","templated":true}]}}