{"id":328,"date":"2010-09-18T09:39:00","date_gmt":"2010-09-18T09:39:00","guid":{"rendered":"http:\/\/talasoatlantico.com\/blog\/?p=328"},"modified":"2013-11-23T14:58:07","modified_gmt":"2013-11-23T14:58:07","slug":"a-desembocadura-do-mino-recibe-o-luns-o-premio-nacional-de-destinos-turiticos-europeos-de-excelencia","status":"publish","type":"post","link":"https:\/\/www.talasoatlantico.com\/blog\/a-desembocadura-do-mino-recibe-o-luns-o-premio-nacional-de-destinos-turiticos-europeos-de-excelencia\/","title":{"rendered":"A desembocadura do Mi\u00f1o recibe o luns o Premio Nacional de Destinos Tur\u00edticos Europeos de Excelencia"},"content":{"rendered":"<p><a href=\"http:\/\/1.bp.blogspot.com\/_u_dwr43mzZg\/TJSJkThxnlI\/AAAAAAAAAO8\/99DzonqfWPk\/s1600\/desembocadura+mi%C3%B1o.jpg\"><img decoding=\"async\" src=\"http:\/\/1.bp.blogspot.com\/_u_dwr43mzZg\/TJSJkThxnlI\/AAAAAAAAAO8\/99DzonqfWPk\/s200\/desembocadura+mi%C3%B1o.jpg\" border=\"0\" alt=\"\"><\/a><span><\/p>\n<div><span><br \/><\/span><\/div>\n<p><\/span><span><\/p>\n<p><b><span><span>Santiago, 18 de setembro de 2010.-<\/span><\/span><\/b><span><span> A secretar\u00eda xeral para o Turismo, M\u00aa Carmen Pardo L\u00f3pez, asistir\u00e1 o luns d\u00eda 20 no concello pontevedr\u00e9s da Guarda \u00e1 cerimonia de entrega do Premio Nacional de Destinos Tur\u00edsticos Europeos de Excelencia que obtivo a desembocadura do Mi\u00f1o, tras a candidatura que a Secretar\u00eda Xeral para o Turismo, dependente da Conseller\u00eda de Cultura e Turismo, presentou en febreiro do ano pasado \u00e1 Comisi\u00f3n Europea. No acto, no que tam\u00e9n estar\u00e1 o alcalde da Guarda, Jos\u00e9 Manuel Dom\u00ednguez Freitas, e o director de Turespa\u00f1a, Antonio Bernab\u00e9, darase conta do proxecto candidatado pola Xunta de Galicia e titulado A Guarda horizonte natural.<\/span><\/span><\/p>\n<p><span><span>\u201cDende a Secretar\u00eda Xeral eramos conscientes do alto potencial que posu\u00eda Galicia, ao ter tantos quil\u00f3metros de costa, pero pensouse dende o inicio dos primeiros traballos, no mes de xaneiro, neste destino porque aunaba as posibilidades do turismo n\u00e1utico e do turismo fluvial, un plus engadido para lograr o premio\u201d, apunta a secretaria xeral. EDEN \u00e9 un proxecto que fomenta modelos de desenvolvemento do turismo sostible na Uni\u00f3n Europea e, a trav\u00e9s de concursos nacionais, cada ano el\u00edxese un destino tur\u00edstico de excelencia por cada pa\u00eds participante. Segundo M\u00aa Carmen Pardo, que se mostrou moi satisfeita polo \u00e9xito acadado, \u201cesta coidadosa selecci\u00f3n de destinos permite atraer eficazmente a atenci\u00f3n cara os valores, a diversidade e as caracter\u00edsticas com\u00fans dos destinos tur\u00edsticos europeos\u201d.<\/span><\/span><\/p>\n<p><span><span>A finais de setembro ter\u00e1 lugar a cerimonia de entrega de premios en Bruxelas coincidindo cos actos de celebraci\u00f3n do D\u00eda Mundial do Turismo e de xeito simult\u00e1neo celebrarase un encontro cos medios internacionais e unha exposici\u00f3n sobre os destinos ga\u00f1adores que incluir\u00e1 a instalaci\u00f3n dun stand con material promocional dos Destinos Europeos de Excelencia. Esta busca europea de excelencia no turismo desenv\u00f3lvese arredor dun tema diferente cada ano, neste 2010 o tema elixido foi o Turismo Acu\u00e1tico e a caracter\u00edstica principal dos destinos seleccionados \u00e9 o seu compromiso coa sostenibilidade social, cultural e medioambiental. Os ga\u00f1adores do premio son sempre destinos tur\u00edsticos europeos emerxentes e pouco co\u00f1ecidos e poden estar situados tanto nos 27 Estados membros como nos pa\u00edses candidatos.<\/span><\/span><\/p>\n<p><span><span>A Desembocadura do Mi\u00f1o cumpre os requisitos sinalados porque conta con abondosos recursos naturais, arqueol\u00f3xicos, patrimoniais e gastron\u00f3micos pero a\u00ednda \u00e9 un destino pouco co\u00f1ecido para o gran p\u00fablico e ten unha densidade de visitantes baixa a respecto da media nacional e galega. O turismo acu\u00e1tico na Guarda caracter\u00edzase por ser un turismo sostible e respectuoso cos seus recursos naturais, exemplo disto son as diversas acci\u00f3ns encami\u00f1adas a protexer espazos naturais, revalorizar as posibilidades do Estuario do Mi\u00f1o, a colaboraci\u00f3n coas asociaci\u00f3ns locais na defensa da biodiversidade.<\/span><\/span><\/p>\n<p><\/span><\/p>\n<div><span><span><span><br \/><\/span><\/span><\/span><\/div>\n<div>\n<div><span>O proxecto EDEN axuda a difundir por toda a Uni\u00f3n Europea as pr\u00e1cticas sostibles utilizadas nos destinos seleccionados e a convertelos nun destino tur\u00edstico atractivo durante todo o ano. Con isto pret\u00e9ndese tam\u00e9n desconxestionar os destinos m\u00e1is concorridos. O proxecto conta co apoio da Comisi\u00f3n Europea, que foi quen lanzou a iniciativa no ano 2006, e segue a xogar un papel de coordinaci\u00f3n fundamental e que se encarga tam\u00e9n de xestionar unha campa\u00f1a global de comunicaci\u00f3n dos destinos ga\u00f1adores.<\/span><\/div>\n<div><span><br \/><\/span><\/div>\n<p><span><\/p>\n<p><b><span><span>Temas EDEN<\/span><\/span><\/b><span><span> Nos tres primeiros anos do proxecto os temas para a selecci\u00f3n dos destinos f\u00f3rono o Turismo e as zonas protexidas (2009); o Turismo e o patrimonio local inmaterial (2008) e mais os Mellores destinos rurais europeos emerxentes de excelencia (2007). Ata o de agora participaron en EDEN: B\u00e9lxica, Bulgaria, Estonia, Irlanda, Grecia, Espa\u00f1a, Francia, Italia, Chipre, Letonia, Lituania, Luxemburgo, Hungr\u00eda, Holanda, Austria, Ruman\u00eda, Eslovenia, Finlandia, Croacia y Turqu\u00eda. Este ano participan por primeira vez a Rep\u00fablica Checa, os Pa\u00edses Baixos e Polonia.<\/span><\/span><\/p>\n<p><\/span><\/div>\n","protected":false},"excerpt":{"rendered":"<p>Santiago, 18 de setembro de 2010.- A secretar\u00eda xeral para o Turismo, M\u00aa Carmen Pardo L\u00f3pez, asistir\u00e1 o luns d\u00eda 20 no concello pontevedr\u00e9s da Guarda \u00e1 cerimonia de entrega do Premio Nacional de Destinos Tur\u00edsticos Europeos de Excelencia que obtivo a desembocadura do Mi\u00f1o, tras a candidatura que a Secretar\u00eda Xeral para o Turismo, [&hellip;]<\/p>\n","protected":false},"author":2,"featured_media":0,"comment_status":"open","ping_status":"open","sticky":false,"template":"","format":"standard","meta":{"_monsterinsights_skip_tracking":false,"_monsterinsights_sitenote_active":false,"_monsterinsights_sitenote_note":"","_monsterinsights_sitenote_category":0},"categories":[49,25,9],"tags":[],"_links":{"self":[{"href":"https:\/\/www.talasoatlantico.com\/blog\/wp-json\/wp\/v2\/posts\/328"}],"collection":[{"href":"https:\/\/www.talasoatlantico.com\/blog\/wp-json\/wp\/v2\/posts"}],"about":[{"href":"https:\/\/www.talasoatlantico.com\/blog\/wp-json\/wp\/v2\/types\/post"}],"author":[{"embeddable":true,"href":"https:\/\/www.talasoatlantico.com\/blog\/wp-json\/wp\/v2\/users\/2"}],"replies":[{"embeddable":true,"href":"https:\/\/www.talasoatlantico.com\/blog\/wp-json\/wp\/v2\/comments?post=328"}],"version-history":[{"count":1,"href":"https:\/\/www.talasoatlantico.com\/blog\/wp-json\/wp\/v2\/posts\/328\/revisions"}],"predecessor-version":[{"id":1100,"href":"https:\/\/www.talasoatlantico.com\/blog\/wp-json\/wp\/v2\/posts\/328\/revisions\/1100"}],"wp:attachment":[{"href":"https:\/\/www.talasoatlantico.com\/blog\/wp-json\/wp\/v2\/media?parent=328"}],"wp:term":[{"taxonomy":"category","embeddable":true,"href":"https:\/\/www.talasoatlantico.com\/blog\/wp-json\/wp\/v2\/categories?post=328"},{"taxonomy":"post_tag","embeddable":true,"href":"https:\/\/www.talasoatlantico.com\/blog\/wp-json\/wp\/v2\/tags?post=328"}],"curies":[{"name":"wp","href":"https:\/\/api.w.org\/{rel}","templated":true}]}}