{"id":48,"date":"2012-05-16T10:00:00","date_gmt":"2012-05-16T10:00:00","guid":{"rendered":"http:\/\/talasoatlantico.com\/blog\/?p=48"},"modified":"2013-11-20T23:02:08","modified_gmt":"2013-11-20T23:02:08","slug":"restaurante-faro-nuevos-platos-en-la-carta","status":"publish","type":"post","link":"https:\/\/www.talasoatlantico.com\/blog\/restaurante-faro-nuevos-platos-en-la-carta\/","title":{"rendered":"Restaurante Faro: Nuevos platos en la Carta"},"content":{"rendered":"<div dir=\"ltr\" trbidi=\"on\">\n<table align=\"center\" cellpadding=\"0\" cellspacing=\"0\">\n<tbody>\n<tr>\n<td><a href=\"http:\/\/4.bp.blogspot.com\/-e-po_IBFXkY\/T7J-jrRanuI\/AAAAAAAAA3I\/JwsscSRI_qA\/s1600\/virutas+de+mi-cuit+de+oca+con+kikos+de+maiz+y+vinagreta+de+frambuesa.jpg\" imageanchor=\"1\"><img decoding=\"async\" loading=\"lazy\" border=\"0\" height=\"320\" src=\"http:\/\/4.bp.blogspot.com\/-e-po_IBFXkY\/T7J-jrRanuI\/AAAAAAAAA3I\/JwsscSRI_qA\/s320\/virutas+de+mi-cuit+de+oca+con+kikos+de+maiz+y+vinagreta+de+frambuesa.jpg\" width=\"320\"><\/a><\/td>\n<\/tr>\n<tr>\n<td><span><span>Virutas de mi-cuit de oca con kikos de ma\u00edz y vinagreta de frambuesa<\/span><\/span><\/td>\n<\/tr>\n<\/tbody>\n<\/table>\n<div><span>Nuestro equipo de Cocina, con Javier Fins al frente de la misma, han elaborado nuevos platos para nuestro Restaurante para completar la oferta de nuestro servicio \u00aba la carta\u00bb. Novedosos platos con la se\u00f1a de identidad que ha ido forjando a lo largo del tiempo, aunando la gastronom\u00eda tradicional con la imaginaci\u00f3n, fusi\u00f3n y \u00a0destreza culinaria de nuestra cocina.<\/span><\/div>\n<div><span><br \/><\/span><\/div>\n<div><span>Adem\u00e1s, el <\/span><b><a href=\"http:\/\/www.talasoatlantico.com\/es\/restauracion\/restaurante.html?utm_source=blog&#038;utm_medium=post&#038;utm_campaign=gastronomia\" target=\"_blank\">Restaurante Faro<\/a>, <\/b><span>dentro del complejo,\u00a0<\/span><span>es el marco ideal para disfrutar de la gastronom\u00eda que ofrecemos en el hotel Talaso Atl\u00e1ntico. All\u00ed ser\u00e1 donde el equipo de Restauraci\u00f3n \u00a0dar\u00e1 el servicio y atender\u00e1 amablemente a nuestra clientela. Igualmente, ahora que empiezan a subir las temperaturas, son muchos los que eligen la terraza-galer\u00eda acristalada para disfrutar de la gastronom\u00eda de las R\u00edas Baixas.<\/span><\/div>\n<div><span><br \/><\/span><\/div>\n<div><span>Nuestro servicio \u00aba la carta\u00bb est\u00e1 disponible todos los d\u00edas y recomendamos hacer reserva previa, ya que si bien puede llegar por la puerta sin reserva, siempre es mejor reservar para que nuestro ma\u00eetre le reserva mesa.\u00a0<\/span><\/div>\n<div><span><br \/><\/span><\/div>\n<div><span>El horario del Restaurante Faro para nuestro servicio de Carta o de Men\u00fa es el siguiente:<\/span><\/div>\n<div><span><br \/><\/span><\/div>\n<div><span>&#8211; Las comidas se sirven de 13:30 a 16:00, m\u00e1s la sobremesa<\/span><\/div>\n<div><span>&#8211; Las cenas a partir de las 20:30 hasta las 23:00.<\/span><\/div>\n<div><span><br \/><\/span><\/div>\n<div><span><b>Reservas: 986 368 088 (l\u00ednea directa del Restaurante) &#8211; 986 368 050 (centralita)<\/b><\/span><\/div>\n<div><span><br \/><\/span><\/div>\n<div><span>A continuaci\u00f3n desglosaremos las novedades de la Carta son las siguientes:<\/span><\/div>\n<div><span><br \/><\/span><\/div>\n<div><span>Virutas de mi-cuit de oca con kikos de ma\u00edz y vinagreta de frambuesa<\/span><\/div>\n<div><span>*<\/span><\/div>\n<div><span>Salm\u00f3n marinado en casa sobre mezclum de la huerta con aros de cebolla morada y mahonesa de wasabi<\/span><\/div>\n<div><span>*<\/span><\/div>\n<div><span>Ensalada de langostinos en milhoja de melocot\u00f3n y aguacate con salsa de yogurt<\/span><\/div>\n<div><span>*<\/span><\/div>\n<div><span>Ensalada de ventresca de at\u00fan natural con escalibada de pimientos y cogollos de Tudela<\/span><\/div>\n<div><span>*<\/span><\/div>\n<div><span>Sinfon\u00eda de setas silvestres y cebollitas glaseadas con huevo poche trufado<\/span><\/div>\n<div><span>*<\/span><\/div>\n<div><span>Chipirones de la r\u00eda en su tinta<\/span><\/div>\n<div><span>*<\/span><\/div>\n<div><span>Queso provolone al horno con tostas de pasas y nueces<\/span><\/div>\n<div><span>*<\/span><\/div>\n<div><span>\u00abRax\u00f3\u00bb de pulpo y langostinos a la bilba\u00edna<\/span><\/div>\n<div><span>*<\/span><\/div>\n<div><span>Conchinglie con saut\u00e9 de verduras al pesto<\/span><\/div>\n<div><span>*<\/span><\/div>\n<div><span>Raya rellena de papada celta en guiso de alubias y mariscos<\/span><\/div>\n<div><span>*<\/span><\/div>\n<div><span>Rape sobre lecho de lombarda y esp\u00e1rragos trigueros con salsa de azafr\u00e1n y jam\u00f3n ib\u00e9rico<\/span><\/div>\n<div><span>*<\/span><\/div>\n<div><span>Rodaballo a la plancha con espinacas y champi\u00f1ones a la crema<\/span><\/div>\n<div><span>*<\/span><\/div>\n<div><span>Magret de pato con compota de manzana asada, patata paja y salsa de frutos rojos<\/span><\/div>\n<div><span>*<\/span><\/div>\n<div><span>Carrilleras de cerdo ib\u00e9rico confitadas al Pedro Ximenez con arroz pilaf y rollitos de verdura<\/span><\/div>\n<div><span>*<\/span><\/div>\n<div><span>Mousse de chocolate con fresas al caramelo de bals\u00e1mico de m\u00f3dena<\/span><\/div>\n<div><span>*<\/span><\/div>\n<div><span>Soufl\u00e9 glac\u00e9 au Grand Manier<\/span><\/div>\n<div><span><br \/><\/span><\/div>\n<div><\/div>\n<div><span>Todos estos platos se suman a los dem\u00e1s platos de la carta que permanecen en la misma, ahora lo que toca ser\u00eda hacer la degustaci\u00f3n de los mimos&#8230;<\/span><\/div>\n<div><span><br \/><\/span><\/div>\n<div><span>\u00a1OIDO COCINA!<\/span><\/div>\n<div><span><br \/><\/span><\/div>\n<div><\/div>\n<div>\n<div>+info<\/div>\n<\/div>\n<div>\n<div><a href=\"http:\/\/www.talasoatlantico.com\/es\/?utm_source=blog&#038;utm_medium=paginas&#038;utm_campaign=talasoterapia\" target=\"_blank\">Hotel Talaso Atl\u00e1ntico<\/a><\/div>\n<\/div>\n<div>\n<div>talasoatlantico@talasoatlantico.com<\/div>\n<\/div>\n<div>\n<div>986.38.50.90<\/div>\n<\/div>\n<p><\/p>\n<div><\/div>\n<div><span><br \/><\/span><\/div>\n<div><span><br \/><\/span><\/div>\n<div><span><br \/><\/span><\/div>\n<div><span><br \/><\/span><\/div>\n<div><span><br \/><\/span><\/div>\n<div><span><br \/><\/span><\/div>\n<div><span><br \/><\/span><\/div>\n<div><span><br \/><\/span><\/div>\n<div><span><br \/><\/span><\/div>\n<\/div>\n","protected":false},"excerpt":{"rendered":"<p>Virutas de mi-cuit de oca con kikos de ma\u00edz y vinagreta de frambuesa Nuestro equipo de Cocina, con Javier Fins al frente de la misma, han elaborado nuevos platos para nuestro Restaurante para completar la oferta de nuestro servicio \u00aba la carta\u00bb. Novedosos platos con la se\u00f1a de identidad que ha ido forjando a lo [&hellip;]<\/p>\n","protected":false},"author":2,"featured_media":0,"comment_status":"open","ping_status":"open","sticky":false,"template":"","format":"standard","meta":{"_monsterinsights_skip_tracking":false,"_monsterinsights_sitenote_active":false,"_monsterinsights_sitenote_note":"","_monsterinsights_sitenote_category":0},"categories":[20,48],"tags":[],"_links":{"self":[{"href":"https:\/\/www.talasoatlantico.com\/blog\/wp-json\/wp\/v2\/posts\/48"}],"collection":[{"href":"https:\/\/www.talasoatlantico.com\/blog\/wp-json\/wp\/v2\/posts"}],"about":[{"href":"https:\/\/www.talasoatlantico.com\/blog\/wp-json\/wp\/v2\/types\/post"}],"author":[{"embeddable":true,"href":"https:\/\/www.talasoatlantico.com\/blog\/wp-json\/wp\/v2\/users\/2"}],"replies":[{"embeddable":true,"href":"https:\/\/www.talasoatlantico.com\/blog\/wp-json\/wp\/v2\/comments?post=48"}],"version-history":[{"count":1,"href":"https:\/\/www.talasoatlantico.com\/blog\/wp-json\/wp\/v2\/posts\/48\/revisions"}],"predecessor-version":[{"id":928,"href":"https:\/\/www.talasoatlantico.com\/blog\/wp-json\/wp\/v2\/posts\/48\/revisions\/928"}],"wp:attachment":[{"href":"https:\/\/www.talasoatlantico.com\/blog\/wp-json\/wp\/v2\/media?parent=48"}],"wp:term":[{"taxonomy":"category","embeddable":true,"href":"https:\/\/www.talasoatlantico.com\/blog\/wp-json\/wp\/v2\/categories?post=48"},{"taxonomy":"post_tag","embeddable":true,"href":"https:\/\/www.talasoatlantico.com\/blog\/wp-json\/wp\/v2\/tags?post=48"}],"curies":[{"name":"wp","href":"https:\/\/api.w.org\/{rel}","templated":true}]}}