{"id":57,"date":"2012-03-08T09:30:00","date_gmt":"2012-03-08T09:30:00","guid":{"rendered":"http:\/\/talasoatlantico.com\/blog\/?p=57"},"modified":"2012-03-08T09:30:00","modified_gmt":"2012-03-08T09:30:00","slug":"primera-comunion","status":"publish","type":"post","link":"https:\/\/www.talasoatlantico.com\/blog\/primera-comunion\/","title":{"rendered":"Primera Comuni\u00f3n"},"content":{"rendered":"<div><a href=\"http:\/\/2.bp.blogspot.com\/-wEnIp7GZM7k\/T1fLD1_W8KI\/AAAAAAAAA0E\/qmP6op39cCk\/s1600\/children+playground.jpg\" imageanchor=\"1\"><img decoding=\"async\" loading=\"lazy\" border=\"0\" height=\"212\" src=\"http:\/\/2.bp.blogspot.com\/-wEnIp7GZM7k\/T1fLD1_W8KI\/AAAAAAAAA0E\/qmP6op39cCk\/s320\/children+playground.jpg\" width=\"320\"><\/a><\/div>\n<div><span><br \/><\/span><\/div>\n<div><span><br \/><\/span><\/div>\n<div><span>Las <a href=\"http:\/\/www.talasoatlantico.com\/es\/celebraciones\/informacion.html\" target=\"_blank\">comuniones<\/a> disponen en el hotel Talaso Atl\u00e1ntico de un lugar ideal para la celebraci\u00f3n de una ocasi\u00f3n especial que el ni\u00f1o no olvidar\u00e1 jam\u00e1s. Nuestros salones est\u00e1n perfectamente adaptadas con dimensiones con diferentes capacidades\u00a0<\/span><span>para este tipo de eventos.<\/span><\/div>\n<div><span><br \/><\/span><\/div>\n<div><span>Sin duda, nuestro\u00a0<a href=\"http:\/\/www.talasoatlantico.com\/es\/parque-infantil\/introduccion.html\" target=\"_blank\">Parque Infantil<\/a> es uno de los alicientes por los que los padres deciden celebrar en nuestras instalaciones la <b>comuni\u00f3n<\/b>\u00a0de los ni\u00f1os peque\u00f1os. Nuestra Guarder\u00eda \u00a0o Mini-club es una aut\u00e9ntica comodidad para los padres, y supone un acicate para los cr\u00edos ya que se lo pasan en grande.<\/span><\/div>\n<div><span><br \/><\/span><\/div>\n<div><span>Juguetes de todo tipo, mesas para hacer manualidades como puzzles o dibujos, toboganes, t\u00faneles, las videoconsolas&#8230;todo ayuda a que la celebraci\u00f3n de la\u00a0<\/span><a href=\"http:\/\/es.wikipedia.org\/wiki\/Primera_comuni%C3%B3n\" target=\"_blank\">Primera Comuni\u00f3n<\/a>\u00a0<span>sea memorable. Todo ello sin riesgo alguno, ya que en la sala siempre se encuentra una cuidadora titulada al cargo de los \u00abpeques\u00bb.\u00a0<\/span><span>Si el tiempo acompa\u00f1a, adem\u00e1s el Parque Infantil cuenta con una zona exterior para continuar con los juegos al aire libre.\u00a0<\/span><\/div>\n<div><span><br \/><\/span><\/div>\n<div><span>Les exponemos nuestra propuesta para la <b>primera comuni\u00f3n<\/b>, son diez men\u00fas de calidad con lo mejor de nuestra gastronom\u00eda a un precio muy ajustado para la ocasi\u00f3n. Adem\u00e1s, como siempre, estos men\u00fas pueden ser modificados al gusto. Por otro lado, tenemos una oferta de servicios complementarios y precios especiales para los asistentes al evento, tanto de alojamiento como de talasoterapia.<\/span><\/div>\n<div><span><br \/><\/span><\/div>\n<div><span>Para completar la informaci\u00f3n, pueden consultar con nuestro equipo de eventos llamando al hotel 986.38.50.90 o bien por correo a comercial@talasoatlantico.com<\/span><\/div>\n<div><span><br \/><\/span><\/div>\n<div><span>A continuaci\u00f3n desglosamos tanto los men\u00fas para primera comuni\u00f3n como los precios y servicios complementarios:<\/span><\/div>\n<div><span><\/span><\/div>\n<p><a name=\"more\"><\/a><span><br \/><\/span><\/p>\n<div><a href=\"http:\/\/1.bp.blogspot.com\/-FbJxY9tGXNc\/T1fgrf9pVVI\/AAAAAAAAA0M\/RJW76A0yQAU\/s1600\/primera-comunion1.jpg\" imageanchor=\"1\"><img decoding=\"async\" loading=\"lazy\" border=\"0\" height=\"200\" src=\"http:\/\/1.bp.blogspot.com\/-FbJxY9tGXNc\/T1fgrf9pVVI\/AAAAAAAAA0M\/RJW76A0yQAU\/s200\/primera-comunion1.jpg\" width=\"168\"><\/a><\/div>\n<div><span>Men\u00fa n\u00ba 1<\/span><\/div>\n<div><span><br \/><\/span><\/div>\n<div><span><i><u>Aperitivo de pie<\/u><\/i><\/span><\/div>\n<div><span><i><u><br \/><\/u><\/i><\/span><\/div>\n<div><span>Empanada gallega<\/span><\/div>\n<div><span>Rombos de tortilla con crujiente de chorizo<\/span><\/div>\n<div><span>Montaditos de roast beef y tomatito cherry \u00a0con mostaza de Dijon<\/span><\/div>\n<div><span>Bocaditos de tetilla y bacon<\/span><\/div>\n<div><span>Croquetas caseras<\/span><\/div>\n<div><span>Brocheta de frutas<\/span><\/div>\n<div><span><br \/><\/span><\/div>\n<div><span><i><u>Bebidas\u00a0<\/u><\/i><\/span><\/div>\n<div><span>Aguas y Refrescos<\/span><\/div>\n<div><span>Vino Blanco D.O. Ribeiro<\/span><\/div>\n<div><span>Vino Tinto D.O. Valdeorras<\/span><\/div>\n<div><span>Caf\u00e9s<\/span><\/div>\n<div><span><br \/><\/span><\/div>\n<div><span>Precio: 20 \u20ac + IVA<\/span><\/div>\n<div><\/div>\n<div><span><b><br \/><\/b><\/span><\/div>\n<div><span><b>Men\u00fa n\u00ba 2<\/b><\/span><\/div>\n<div><span><b><br \/><\/b><\/span><\/div>\n<div>\n<div><span><i><u>Aperitivo de pie<\/u><\/i><\/span><\/div>\n<div><span><i><u><br \/><\/u><\/i><\/span><\/div>\n<div><span>Empanada gallega<\/span><\/div>\n<div><span>Tabla de embutidos ib\u00e9ricos D.O.<\/span><\/div>\n<div><span>Dados de queso manchego macerados en aceite de oliva especiado<\/span><\/div>\n<div><span>Satay de pollo con ali-oli<\/span><\/div>\n<div><span>Croquetas caseras<\/span><\/div>\n<div><span>Copa de arroz caldoso de ajetes tiernos y mejillones<\/span><\/div>\n<div><span>Filet mignon de solomillo<\/span><\/div>\n<div><span>Brochetas de fruta con chocolate caliente<\/span><\/div>\n<div><span><br \/><\/span><\/div>\n<div><\/div>\n<div><span><i><u>Bebidas\u00a0<\/u><\/i><\/span><\/div>\n<div><span>Aguas y Refrescos<\/span><span>\u00a0<\/span><\/div>\n<div><span>Vino Blanco D.O. Ribeiro<\/span><\/div>\n<div><span>Vino Tinto D.O. Valdeorras<\/span><\/div>\n<div><span>Caf\u00e9s<\/span><\/div>\n<div><span><br \/><\/span><\/div>\n<div><span>Precio: 25 \u20ac + IVA<\/span><\/div>\n<div><span><br \/><\/span><\/div>\n<div><span><b>Men\u00fa n\u00ba 3<\/b><\/span><\/div>\n<div><span><b><br \/><\/b><\/span><\/div>\n<div><span>Ensalada templada de queso de cabra con frutas caramelizadas y reducci\u00f3n de naranja<\/span><\/div>\n<div><span><br \/><\/span><\/div>\n<div><span>Arroz marinero con rape, berberechos, langostinos y mejillones<\/span><\/div>\n<div><span><br \/><\/span><\/div>\n<div><span>Carrusel de tartas<\/span><\/div>\n<div><\/div>\n<p><\/p>\n<div><span><br \/><\/span><\/div>\n<p><span><\/span><\/p>\n<div><span><i><u>Bebidas\u00a0<\/u><\/i><\/span><\/div>\n<p><span><\/span><\/p>\n<div><\/div>\n<div><span>Aguas y refrescos<\/span><\/div>\n<div><span>Vino Blanco D.O. Ribeiro<\/span><\/div>\n<div><span>Vino Tinto D.O. Valdeorras<\/span><\/div>\n<div><span>Caf\u00e9s<\/span><\/div>\n<div><span><br \/><\/span><\/div>\n<div><span>Precio: 28 \u20ac + IVA<\/span><\/div>\n<div><span>__________________________________<\/span><\/div>\n<div><span><i><br \/><\/i><\/span><\/div>\n<div><span><i>OPCIONAL para los men\u00fas n\u00ba 1, 2 y 3<\/i><\/span><\/div>\n<div><span><i>Vino D.O. R\u00edas Baixas\u00a0<\/i><\/span><\/div>\n<div><span><i>Vino D.O. Rioja Crianza<\/i><\/span><\/div>\n<div><span><i>4 \u20ac<\/i><\/span><\/div>\n<div><span><i>______________________________________<\/i><\/span><\/div>\n<div><span><br \/><\/span><\/div>\n<div><span><br \/><\/span><\/div>\n<div><span><br \/><\/span><\/div>\n<div><span><b>Men\u00fa n\u00ba 4<\/b><\/span><\/div>\n<div><span><br \/><\/span><\/div>\n<div><span><i><u>Aperitivos<\/u><\/i><\/span><\/div>\n<div><span><i><u><br \/><\/u><\/i><\/span><\/div>\n<div><span>Tabla de embutidos ib\u00e9ricos<\/span><\/div>\n<div><span>Croquetas caseras<\/span><\/div>\n<div><span><br \/><\/span><\/div>\n<div><span>Arroz campestre con pollo, conejo y verduritas de temporada<\/span><\/div>\n<div><span><br \/><\/span><\/div>\n<div><span>Copa de helado con coulis de chocolate tibio<\/span><\/div>\n<div><span><br \/><\/span><\/div>\n<div><span><u><i>Bebidas<\/i><\/u><\/span><\/div>\n<div><span>Aguas y Refrescos<\/span><\/div>\n<div><span>Vino Blanco D.O. Ribeiro<\/span><\/div>\n<div><span>Vino Tinto D.O. Valdeorras<\/span><\/div>\n<div><span>Caf\u00e9s<\/span><\/div>\n<div><span><br \/><\/span><\/div>\n<div><span>Precio: 23 \u20ac + IVA<\/span><\/div>\n<div><span><br \/><\/span><\/div>\n<div><span><br \/><\/span><\/div>\n<div><span><b>Men\u00fa n\u00ba 5<\/b><\/span><\/div>\n<div><span><br \/><\/span><\/div>\n<div><span>Empanada gallega<\/span><\/div>\n<div><span>Setas empanadas con ali-oli<\/span><\/div>\n<div><span><br \/><\/span><\/div>\n<div><span>Timbal de pulpo con patata al piment\u00f3n<\/span><\/div>\n<div><span>Jarrete de ternera gallega asada<\/span><\/div>\n<div><span><br \/><\/span><\/div>\n<div><span>Tarta de pralin\u00e9 con helado de vainilla<\/span><\/div>\n<div><span><br \/><\/span><\/div>\n<div><\/div>\n<div><span><u><i>Bebidas<\/i><\/u><\/span><\/div>\n<div><span>Aguas y Refrescos<\/span><\/div>\n<div><span>Vino Blanco D.O. Ribeiro<\/span><\/div>\n<div><span>Vino Tinto D.O. Valdeorras<\/span><\/div>\n<div><span>Caf\u00e9s<\/span><\/div>\n<div><span><br \/><\/span><\/div>\n<div><span>Precio: 36 \u20ac + IVA<\/span><\/div>\n<div><span><br \/><\/span><\/div>\n<div><span><br \/><\/span><\/div>\n<div><span><b>Men\u00fa n\u00ba 6<\/b><\/span><\/div>\n<div><\/div>\n<div><span><br \/><\/span><\/div>\n<div><span>Empanada gallega<\/span><\/div>\n<div><span>Surtido de canap\u00e9s<\/span><\/div>\n<div><span>Cazuela de champi\u00f1ones al ajillo<\/span><\/div>\n<div><span><br \/><\/span><\/div>\n<div><span>Lomo de merluza en salsa verde con almejas<\/span><\/div>\n<div><span><br \/><\/span><\/div>\n<div><span>Carrusel de tartas<\/span><\/div>\n<div><span><br \/><\/span><\/div>\n<div><\/div>\n<div><span><u><i>Bebidas<\/i><\/u><\/span><\/div>\n<div><span>Aguas y Refrescos<\/span><\/div>\n<div><span>Vino Blanco D.O. Ribeiro<\/span><\/div>\n<div><span>Vino Tinto D.O. Valdeorras<\/span><\/div>\n<div><span>Caf\u00e9s<\/span><\/div>\n<div><span><br \/><\/span><\/div>\n<div><span>Precio: 34 \u20ac + IVA<\/span><\/div>\n<div><span><br \/><\/span><\/div>\n<div><\/div>\n<div><span>__________________________________<\/span><\/div>\n<div><span><i><br \/><\/i><\/span><\/div>\n<div><span><i>OPCIONAL IGUALMENTE para los men\u00fas n\u00ba 4, 5 y 6<\/i><\/span><\/div>\n<div><span><i>Vino D.O. R\u00edas Baixas\u00a0<\/i><\/span><\/div>\n<div><span><i>Vino D.O. Rioja Crianza<\/i><\/span><\/div>\n<div><span><i>4 \u20ac<\/i><\/span><\/div>\n<div><span><i>______________________________________<\/i><\/span><\/div>\n<div><\/div>\n<div><\/div>\n<div><\/div>\n<div><\/div>\n<div><\/div>\n<div><span><b>Men\u00fa n\u00ba 7<\/b><\/span><\/div>\n<div><span><br \/><\/span><\/div>\n<div><span><i><u>Aperitivos<\/u><\/i><\/span><\/div>\n<div><span><br \/><\/span><\/div>\n<div><span>Carpaccio de salm\u00f3n y boletus con aceite de c\u00edtricos<\/span><\/div>\n<div><span>Carpaccio de pulpo \u00e1 feira<\/span><\/div>\n<div><span>Cazuela de langostinos al albari\u00f1o<\/span><\/div>\n<div><span><br \/><\/span><\/div>\n<div><span>Solomillo ib\u00e9ricos ala carbonara con patata paja<\/span><\/div>\n<div><span><br \/><\/span><\/div>\n<div><span>Tarta de pralin\u00e9 con helado de vainilla<\/span><\/div>\n<div><span><br \/><\/span><\/div>\n<div><span><i><u>Bebidas<\/u><\/i><\/span><\/div>\n<div><span>Aguas y Refrescos<\/span><\/div>\n<div><span>Vino Blanco D.O. R\u00edas Baixas<\/span><\/div>\n<div><span>Vino Tinto D.O. Rioja Crianza<\/span><\/div>\n<div><span>Caf\u00e9s<\/span><\/div>\n<div><span><br \/><\/span><\/div>\n<div><span>Precio: 41 \u20ac + IVA<\/span><\/div>\n<div><span><br \/><\/span><\/div>\n<div><span><br \/><\/span><\/div>\n<div><span><b>Men\u00fa n\u00ba 8\u00a0<\/b><\/span><\/div>\n<div><span><br \/><\/span><\/div>\n<div><span><i><u>Aperitivos<\/u><\/i><\/span><\/div>\n<div><span><br \/><\/span><\/div>\n<div><span>Empanada tradicional de ma\u00edz<\/span><\/div>\n<div><span>Gambas Orly<\/span><\/div>\n<div><span>Pulpo \u00e1 feira<\/span><\/div>\n<div><span><br \/><\/span><\/div>\n<div><span>Leguado meuni\u00e8re con verduritas al vapor\u00a0<\/span><\/div>\n<div><span>o<\/span><\/div>\n<div><span>Entrecot de buey a la parrilla en salsa de champi\u00f1ones Portobello<\/span><\/div>\n<div><span><br \/><\/span><\/div>\n<div><span>Mousse de tres chocolates<\/span><\/div>\n<div><span><br \/><\/span><\/div>\n<div><\/div>\n<div><span><i><u>Bebidas<\/u><\/i><\/span><\/div>\n<div><span>Aguas y Refrescos<\/span><\/div>\n<div><span>Vino Blanco D.O. R\u00edas Baixas<\/span><\/div>\n<div><span>Vino Tinto D.O. Rioja Crianza<\/span><\/div>\n<div><span>Caf\u00e9s<\/span><\/div>\n<div><span><br \/><\/span><\/div>\n<div><span>Precio: 46 \u20ac + IVA<\/span><\/div>\n<div><span><br \/><\/span><\/div>\n<div><span><br \/><\/span><\/div>\n<div><span><b>Men\u00fa n\u00ba 9<\/b><\/span><\/div>\n<div><b><br \/><\/b><\/div>\n<div><b>\u00a0<\/b><i><u>Aperitivos<\/u><\/i><\/div>\n<div><span><br \/><\/span><\/div>\n<div><span>Jam\u00f3n ib\u00e9rico de bellota D.O.<\/span><\/div>\n<div><span>Croquetas caseras<\/span><\/div>\n<div><span><br \/><\/span><\/div>\n<div><span>Carrusel de mariscos: centolla, buey, n\u00e9cora, langostinos cocidos y mejillones al vapor<\/span><\/div>\n<div><span><br \/><\/span><\/div>\n<div><span>Pierna de cordero lechal asada con timbal de patata y pimiento morr\u00f3n<\/span><\/div>\n<div><span><br \/><\/span><\/div>\n<div><span>Carrusel de tartas<\/span><\/div>\n<div><span><br \/><\/span><\/div>\n<div><\/div>\n<div><span><i><u>Bebidas<\/u><\/i><\/span><\/div>\n<div><span>Aguas y Refrescos<\/span><\/div>\n<div><span>Vino Blanco D.O. R\u00edas Baixas<\/span><\/div>\n<div><span>Vino Tinto D.O. Rioja Crianza<\/span><\/div>\n<div><span>Caf\u00e9s<\/span><\/div>\n<div><span><br \/><\/span><\/div>\n<div><span>Precio: 61 \u20ac + IVA<\/span><\/div>\n<div><span><br \/><\/span><\/div>\n<div><span><br \/><\/span><\/div>\n<div><span><b>Men\u00fa n\u00ba 10<\/b><\/span><\/div>\n<div><span><b><br \/><\/b><\/span><\/div>\n<div><\/div>\n<div><i><u>Aperitivos<\/u><\/i><\/div>\n<div><span><br \/><\/span><\/div>\n<div><span>Empanada gallega<\/span><\/div>\n<div><span>Rombos de tortilla con crujiente de tortilla<\/span><\/div>\n<div><span>Croquetas caseras<\/span><\/div>\n<div><span>Setas empanadas con ali-oli<\/span><\/div>\n<div><span><br \/><\/span><\/div>\n<div><span>Pollo picant\u00f3n a la parrilla con corte patata puente nuevo, pimientos del piquillo y ensalada verde<\/span><\/div>\n<div><span><br \/><\/span><\/div>\n<div><span>Carrusel de tartas<\/span><\/div>\n<div><span><br \/><\/span><\/div>\n<div><\/div>\n<div><span><i><u>Bebidas<\/u><\/i><\/span><\/div>\n<div><span>Aguas y Refrescos<\/span><\/div>\n<div><span>Vino Blanco D.O. R\u00edas Baixas<\/span><\/div>\n<div><span>Vino Tinto D.O. Rioja Crianza<\/span><\/div>\n<div><span>Caf\u00e9s<\/span><\/div>\n<div><span><br \/><\/span><\/div>\n<div><span>Precio: 24 \u20ac + IVA<\/span><\/div>\n<div><\/div>\n<div><span><br \/><\/span><\/div>\n<div><span><br \/><\/span><\/div>\n<div><span><br \/><\/span><\/div>\n<div><span><b>SERVICIOS COMPLEMENTARIOS<\/b><\/span><\/div>\n<div><span><br \/><\/span><\/div>\n<div><span>&#8211; Posibilidad de contratar animaci\u00f3n infantil (consulten precios)<\/span><\/div>\n<div><span>&#8211; Horario nocturno de cuidadores infantiles (consulten precios)<\/span><\/div>\n<div><span>&#8211; Recorrido Marino para los asistentes por 9 \u20ac<\/span><\/div>\n<div><span>&#8211; Alojamiento con el 15% de descuento para los invitados<\/span><\/div>\n<div><span>&#8211; Barra libre desde 9 \u20ac por persona<\/span><\/div>\n<div><span>&#8211; Servicio de transporte<\/span><\/div>\n<div><span>&#8211; Descuento de 10% en bonos-regalo<\/span><\/div>\n<div><span><br \/><\/span><\/div>\n<div><span><b>MENUS ABIERTOS A SUGERENCIAS Y\/O MODIFICACIONES<\/b><\/span><\/div>\n<div><span><b><br \/><\/b><\/span><\/div>\n<div><span><b><br \/><\/b><\/span><\/div>\n<div><\/div>\n<div>\n<div>+info<\/div>\n<\/div>\n<div>\n<div><a href=\"http:\/\/www.talasoatlantico.com\/\">Hotel Talaso Atl\u00e1ntico<\/a><\/div>\n<\/div>\n<div>\n<div>talasoatlantico@talasoatlantico.com<\/div>\n<\/div>\n<div>\n<div>986.38.50.90<\/div>\n<\/div>\n<div><\/div>\n<div><\/div>\n<div><\/div>\n<\/div>\n","protected":false},"excerpt":{"rendered":"<p>Las comuniones disponen en el hotel Talaso Atl\u00e1ntico de un lugar ideal para la celebraci\u00f3n de una ocasi\u00f3n especial que el ni\u00f1o no olvidar\u00e1 jam\u00e1s. Nuestros salones est\u00e1n perfectamente adaptadas con dimensiones con diferentes capacidades\u00a0para este tipo de eventos. Sin duda, nuestro\u00a0Parque Infantil es uno de los alicientes por los que los padres deciden celebrar [&hellip;]<\/p>\n","protected":false},"author":2,"featured_media":0,"comment_status":"open","ping_status":"open","sticky":false,"template":"","format":"standard","meta":{"_monsterinsights_skip_tracking":false,"_monsterinsights_sitenote_active":false,"_monsterinsights_sitenote_note":"","_monsterinsights_sitenote_category":0},"categories":[6],"tags":[],"_links":{"self":[{"href":"https:\/\/www.talasoatlantico.com\/blog\/wp-json\/wp\/v2\/posts\/57"}],"collection":[{"href":"https:\/\/www.talasoatlantico.com\/blog\/wp-json\/wp\/v2\/posts"}],"about":[{"href":"https:\/\/www.talasoatlantico.com\/blog\/wp-json\/wp\/v2\/types\/post"}],"author":[{"embeddable":true,"href":"https:\/\/www.talasoatlantico.com\/blog\/wp-json\/wp\/v2\/users\/2"}],"replies":[{"embeddable":true,"href":"https:\/\/www.talasoatlantico.com\/blog\/wp-json\/wp\/v2\/comments?post=57"}],"version-history":[{"count":0,"href":"https:\/\/www.talasoatlantico.com\/blog\/wp-json\/wp\/v2\/posts\/57\/revisions"}],"wp:attachment":[{"href":"https:\/\/www.talasoatlantico.com\/blog\/wp-json\/wp\/v2\/media?parent=57"}],"wp:term":[{"taxonomy":"category","embeddable":true,"href":"https:\/\/www.talasoatlantico.com\/blog\/wp-json\/wp\/v2\/categories?post=57"},{"taxonomy":"post_tag","embeddable":true,"href":"https:\/\/www.talasoatlantico.com\/blog\/wp-json\/wp\/v2\/tags?post=57"}],"curies":[{"name":"wp","href":"https:\/\/api.w.org\/{rel}","templated":true}]}}